{"id":151732,"date":"2020-02-05T20:24:30","date_gmt":"2020-02-05T23:24:30","guid":{"rendered":"http:\/\/www.caririemacao.com\/1\/?p=151732"},"modified":"2020-02-05T20:24:32","modified_gmt":"2020-02-05T23:24:32","slug":"prefeitura-de-sao-joao-do-tigre-anuncia-programacao-oficial-do-carnaval-2020","status":"publish","type":"post","link":"https:\/\/www.caririemacao.com\/1\/2020\/02\/05\/prefeitura-de-sao-joao-do-tigre-anuncia-programacao-oficial-do-carnaval-2020\/","title":{"rendered":"Prefeitura de S\u00e3o Jo\u00e3o do Tigre anuncia programa\u00e7\u00e3o oficial do Carnaval 2020"},"content":{"rendered":"\n<p>A programa\u00e7\u00e3o do Carnaval 2020 de S\u00e3o Jo\u00e3o do Tigre foi anunciada pelo prefeito C\u00e9lio Barbosa em uma live ao vivo na p\u00e1gina oficial do Facebook da prefeitura municipal. O evento de lan\u00e7amento foi bastante animado, contando com a presen\u00e7a de orquestra de frevo, al\u00e9m da participa\u00e7\u00e3o dos vereadores, secret\u00e1rios da atual gest\u00e3o e presen\u00e7a marcante da popula\u00e7\u00e3o tigrense. <\/p>\n\n\n\n<p>A cidade de S\u00e3o Jo\u00e3o do Tigre \u00e9 conhecida por promover anualmente uma grande festa de carnaval, considerada uma das maiores do interior do Estado da Para\u00edba. O carnaval de S\u00e3o Jo\u00e3o do Tigre este ano ocorrer\u00e1 dos dias 23 a 25 de fevereiro e contar\u00e1 com programa\u00e7\u00e3o bem ecl\u00e9tica e atraente, prometendo bater nesta edi\u00e7\u00e3o o recorde de p\u00fablico.<\/p>\n\n\n\n<p>Entre as atra\u00e7\u00f5es confirmadas est\u00e3o as bandas Walkyria Santos, Bedeu Quirino, Alisson Levado, Jeandro Garotinho, Gil Bala, DJ Marc\u00edlio, Feiti\u00e7o El\u00e9trico. Entre os intervalos dos shows musicais, os foli\u00f5es poder\u00e3o se divertir com muita m\u00fasica eletr\u00f4nica ao som do DJ Bruninho Paiva e ainda com direito a banho em pra\u00e7a p\u00fablica. <\/p>\n\n\n\n<p>Para o prefeito C\u00e9lio Barbosa, S\u00e3o Jo\u00e3o do Tigre se tornou a maior refer\u00eancia regional no carnaval gra\u00e7as ao esfor\u00e7o conjunto de integrantes do Governo, que se desdobram para organizar toda a festa, gra\u00e7as ao planejamento administrativo da gest\u00e3o, que deu margem ao investimento no turismo local e gra\u00e7as \u00e0 popula\u00e7\u00e3o que sabe acolher os turistas e faz da nossa cidade um local agrad\u00e1vel para tigrenses e visitantes.<\/p>\n\n\n\n<p>Al\u00e9m dos shows, o carnaval de S\u00e3o Jo\u00e3o do Tigre conta com blocos carnavalescos, que novamente ter\u00e1 a anima\u00e7\u00e3o e a irrever\u00eancia do tradicional Bloco Z\u00e9 Pereira, que abrir\u00e1 no s\u00e1bado(22) os festejos pelas ruas de S\u00e3o Jo\u00e3o do Tigre.<\/p>\n\n\n\n<p>Informa\u00e7\u00f5es: De Olho no Cariri<\/p>\n","protected":false},"excerpt":{"rendered":"<p>A programa\u00e7\u00e3o do Carnaval 2020 de S\u00e3o Jo\u00e3o do Tigre foi anunciada pelo prefeito C\u00e9lio Barbosa em uma live ao vivo na p\u00e1gina oficial do&hellip; <\/p>\n","protected":false},"author":2,"featured_media":151733,"comment_status":"closed","ping_status":"closed","sticky":false,"template":"","format":"standard","meta":{"sfsi_plus_gutenberg_text_before_share":"","sfsi_plus_gutenberg_show_text_before_share":"","sfsi_plus_gutenberg_icon_type":"","sfsi_plus_gutenberg_icon_alignemt":"","sfsi_plus_gutenburg_max_per_row":"","footnotes":""},"categories":[6,50],"tags":[],"class_list":["post-151732","post","type-post","status-publish","format-standard","has-post-thumbnail","hentry","category-cidades","category-destaque"],"_links":{"self":[{"href":"https:\/\/www.caririemacao.com\/1\/wp-json\/wp\/v2\/posts\/151732","targetHints":{"allow":["GET"]}}],"collection":[{"href":"https:\/\/www.caririemacao.com\/1\/wp-json\/wp\/v2\/posts"}],"about":[{"href":"https:\/\/www.caririemacao.com\/1\/wp-json\/wp\/v2\/types\/post"}],"author":[{"embeddable":true,"href":"https:\/\/www.caririemacao.com\/1\/wp-json\/wp\/v2\/users\/2"}],"replies":[{"embeddable":true,"href":"https:\/\/www.caririemacao.com\/1\/wp-json\/wp\/v2\/comments?post=151732"}],"version-history":[{"count":1,"href":"https:\/\/www.caririemacao.com\/1\/wp-json\/wp\/v2\/posts\/151732\/revisions"}],"predecessor-version":[{"id":151734,"href":"https:\/\/www.caririemacao.com\/1\/wp-json\/wp\/v2\/posts\/151732\/revisions\/151734"}],"wp:featuredmedia":[{"embeddable":true,"href":"https:\/\/www.caririemacao.com\/1\/wp-json\/wp\/v2\/media\/151733"}],"wp:attachment":[{"href":"https:\/\/www.caririemacao.com\/1\/wp-json\/wp\/v2\/media?parent=151732"}],"wp:term":[{"taxonomy":"category","embeddable":true,"href":"https:\/\/www.caririemacao.com\/1\/wp-json\/wp\/v2\/categories?post=151732"},{"taxonomy":"post_tag","embeddable":true,"href":"https:\/\/www.caririemacao.com\/1\/wp-json\/wp\/v2\/tags?post=151732"}],"curies":[{"name":"wp","href":"https:\/\/api.w.org\/{rel}","templated":true}]}}