{"id":151736,"date":"2020-02-06T07:20:04","date_gmt":"2020-02-06T10:20:04","guid":{"rendered":"http:\/\/www.caririemacao.com\/1\/?p=151736"},"modified":"2020-02-06T07:20:06","modified_gmt":"2020-02-06T10:20:06","slug":"maioria-dos-deputados-paraibanos-votou-a-favor-do-nao-afastamento-de-wilson-santiago","status":"publish","type":"post","link":"https:\/\/www.caririemacao.com\/1\/2020\/02\/06\/maioria-dos-deputados-paraibanos-votou-a-favor-do-nao-afastamento-de-wilson-santiago\/","title":{"rendered":"Maioria dos deputados paraibanos votou a favor do n\u00e3o afastamento de Wilson Santiago"},"content":{"rendered":"\n<p>A C\u00e2mara Federal decidiu, em vota\u00e7\u00e3o na noite desta quarta-feira (5), por voto nominal e aberto, por derrubar a decis\u00e3o do ministro Celso de Mello do Supremo Tribunal Federal para afastar o deputado estadual Wilson Santiago (PTB-PB). Sete deputados paraibanos votaram a favor da proposta, dois votaram contra e houve uma absten\u00e7\u00e3o.&nbsp;<\/p>\n\n\n\n<p>Foram&nbsp;233 votos a favor&nbsp;do parecer do relator, deputado&nbsp;Marcelo Ramos (PL-AM), que foi contr\u00e1rio ao afastamento. Outros 170 deputados votaram por manter o afastamento de Wilson Santiago. Para manter a decis\u00e3o do ministro do STF, seriam necess\u00e1rios 257 votos a favor do afastamento (contra o parecer do relator).<br><\/p>\n\n\n\n<p>A vota\u00e7\u00e3o, originalmente programada para come\u00e7ar a partir das 14h, teve in\u00edcio somente \u00e0s 20h.<\/p>\n\n\n\n<p>O ministro do Supremo Tribunal Federal (STF) Celso de Mello, determinou o afastamento do deputado federal Wilson Santiago do cargo. A decis\u00e3o tamb\u00e9m determinou a pris\u00e3o de seus assessores Evani Ramalho e Israel Nunes de Lima,&nbsp; e de Severino Batista do Nascimento Neto, motorista de Bosco. A Opera\u00e7\u00e3o P\u00e9s de Barro deflagrada na manh\u00e3 deste s\u00e1bado (21) tem o objetivo de desarticular uma organiza\u00e7\u00e3o criminosa dedicada \u00e0 realiza\u00e7\u00e3o de pagamentos il\u00edcitos e superfaturamentos de obras no Sert\u00e3o da Para\u00edba.<\/p>\n\n\n\n<p>Confira os votos:<\/p>\n\n\n\n<figure class=\"wp-block-image\"><img decoding=\"async\" data-src=\"https:\/\/www.clickpb.com.br\/media\/filer_public\/ff\/3c\/ff3c14e0-cb77-4101-9e84-00f206d7667e\/20200206_063201.jpg\" alt=\"\" src=\"data:image\/svg+xml;base64,PHN2ZyB3aWR0aD0iMSIgaGVpZ2h0PSIxIiB4bWxucz0iaHR0cDovL3d3dy53My5vcmcvMjAwMC9zdmciPjwvc3ZnPg==\" class=\"lazyload\" \/><\/figure>\n","protected":false},"excerpt":{"rendered":"<p>A C\u00e2mara Federal decidiu, em vota\u00e7\u00e3o na noite desta quarta-feira (5), por voto nominal e aberto, por derrubar a decis\u00e3o do ministro Celso de Mello&hellip; <\/p>\n","protected":false},"author":1,"featured_media":142155,"comment_status":"closed","ping_status":"closed","sticky":false,"template":"","format":"standard","meta":{"sfsi_plus_gutenberg_text_before_share":"","sfsi_plus_gutenberg_show_text_before_share":"","sfsi_plus_gutenberg_icon_type":"","sfsi_plus_gutenberg_icon_alignemt":"","sfsi_plus_gutenburg_max_per_row":"","footnotes":""},"categories":[11],"tags":[],"class_list":["post-151736","post","type-post","status-publish","format-standard","has-post-thumbnail","hentry","category-politica"],"_links":{"self":[{"href":"https:\/\/www.caririemacao.com\/1\/wp-json\/wp\/v2\/posts\/151736","targetHints":{"allow":["GET"]}}],"collection":[{"href":"https:\/\/www.caririemacao.com\/1\/wp-json\/wp\/v2\/posts"}],"about":[{"href":"https:\/\/www.caririemacao.com\/1\/wp-json\/wp\/v2\/types\/post"}],"author":[{"embeddable":true,"href":"https:\/\/www.caririemacao.com\/1\/wp-json\/wp\/v2\/users\/1"}],"replies":[{"embeddable":true,"href":"https:\/\/www.caririemacao.com\/1\/wp-json\/wp\/v2\/comments?post=151736"}],"version-history":[{"count":1,"href":"https:\/\/www.caririemacao.com\/1\/wp-json\/wp\/v2\/posts\/151736\/revisions"}],"predecessor-version":[{"id":151737,"href":"https:\/\/www.caririemacao.com\/1\/wp-json\/wp\/v2\/posts\/151736\/revisions\/151737"}],"wp:featuredmedia":[{"embeddable":true,"href":"https:\/\/www.caririemacao.com\/1\/wp-json\/wp\/v2\/media\/142155"}],"wp:attachment":[{"href":"https:\/\/www.caririemacao.com\/1\/wp-json\/wp\/v2\/media?parent=151736"}],"wp:term":[{"taxonomy":"category","embeddable":true,"href":"https:\/\/www.caririemacao.com\/1\/wp-json\/wp\/v2\/categories?post=151736"},{"taxonomy":"post_tag","embeddable":true,"href":"https:\/\/www.caririemacao.com\/1\/wp-json\/wp\/v2\/tags?post=151736"}],"curies":[{"name":"wp","href":"https:\/\/api.w.org\/{rel}","templated":true}]}}