{"id":151747,"date":"2020-02-06T07:26:51","date_gmt":"2020-02-06T10:26:51","guid":{"rendered":"http:\/\/www.caririemacao.com\/1\/?p=151747"},"modified":"2020-02-06T07:26:53","modified_gmt":"2020-02-06T10:26:53","slug":"mec-modifica-norma-do-fies-apos-alunos-da-paraiba-burlarem-norma-para-conseguir-entrar-em-cursos-concorridos","status":"publish","type":"post","link":"https:\/\/www.caririemacao.com\/1\/2020\/02\/06\/mec-modifica-norma-do-fies-apos-alunos-da-paraiba-burlarem-norma-para-conseguir-entrar-em-cursos-concorridos\/","title":{"rendered":"MEC modifica norma do Fies ap\u00f3s alunos da Para\u00edba burlarem norma para conseguir entrar em cursos concorridos"},"content":{"rendered":"\n<p>Ap\u00f3s denunciar irregularidades em transfer\u00eancias de estudantes que migravam de cursos com baixa concorr\u00eancia para aqueles com alta concorr\u00eancia, o&nbsp;Minist\u00e9rio da Educa\u00e7\u00e3o acolheu a den\u00fancia Minist\u00e9rio P\u00fablico Federal (MPF) em Jo\u00e3o Pessoa e modificou a regra do Fundo de Financiamento Estudantil (Fies) que regulamenta o processo de transfer\u00eancia de curso ou institui\u00e7\u00e3o de ensino superior (Ies) para alunos benefici\u00e1rios do fundo.&nbsp;<\/p>\n\n\n\n<p>A solicita\u00e7\u00e3o feita pelo MPF para altera\u00e7\u00e3o da resolu\u00e7\u00e3o se deu no \u00e2mbito do Inqu\u00e9rito Civil, que tramita na sede do \u00f3rg\u00e3o na capital paraibana, no qual se verificou que alunos se matriculavam em cursos de menor concorr\u00eancia para obter o financiamento e depois se transferiam para cursos de maior concorr\u00eancia, sendo exigida apenas a anu\u00eancia da Ies que os recebiam. Dessa forma, burlavam o crit\u00e9rio de notas para acesso ao Fies para cursos de alta concorr\u00eancia.<\/p>\n\n\n\n<p>A altera\u00e7\u00e3o sugerida pelo MPF e acolhida pelo MEC foi baseada em regra j\u00e1 existente no Programa Universidade para Todos (Prouni), que favorece a meritocracia. O ato normativo produz efeitos a partir do segundo semestre deste ano.<br><\/p>\n\n\n\n<p>Segundo a proposta de altera\u00e7\u00e3o do MPF contida na nova resolu\u00e7\u00e3o do Comit\u00ea Gestor do Fies, \u00f3rg\u00e3o do MEC (n\u00ba 35, de 18 de dezembro de 2019), a transfer\u00eancia somente ser\u00e1 permitida no caso em que a m\u00e9dia aritm\u00e9tica das notas obtidas pelo estudante no Exame Nacional do Ensino M\u00e9dio (Enem), utilizada para sua admiss\u00e3o ao Fies, for igual ou superior \u00e0 m\u00e9dia aritm\u00e9tica do \u00faltimo estudante pr\u00e9-selecionado no curso de destino no processo seletivo mais recente do programa em que houver estudante pr\u00e9-selecionado para o financiamento estudantil.<\/p>\n\n\n\n<p>Quando questionado sobre a viabilidade de inserir a regra do Prouni no \u00e2mbito do Fies, o MEC inicialmente argumentou que s\u00e3o programas cujas caracter\u00edsticas s\u00e3o diferentes. N\u00e3o obstante, o MPF ponderou que o filtro meritocr\u00e1tico observado pelos alunos bolsistas do Prouni para o procedimento de transfer\u00eancia distinta atende ao princ\u00edpio constitucional da moralidade, o qual garante que todos obtenham vantagens justas.<\/p>\n\n\n\n<p>O procurador da Rep\u00fablica Guilherme Ferraz anotou que \u201cmostra-se deveras salutar a postura de \u00f3rg\u00e3os p\u00fablicos que se mostram abertos a ouvir os pleitos do MPF, no sentido de aperfei\u00e7oar o design de pol\u00edticas p\u00fablicas de modo a atender os par\u00e2metros constitucionais e legais que regem a Administra\u00e7\u00e3o P\u00fablica.\u201d<\/p>\n\n\n\n<p>O Fies \u2013 O Fies foi institu\u00eddo pela Lei n\u00ba 10.260, de 12 de julho de 2001, e tem por objetivo conceder financiamento a estudantes em cursos superiores n\u00e3o gratuitos, com avalia\u00e7\u00e3o positiva nos processos conduzidos pelo MEC e ofertados por institui\u00e7\u00f5es de educa\u00e7\u00e3o superior n\u00e3o gratuitas aderentes ao programa.<\/p>\n","protected":false},"excerpt":{"rendered":"<p>Ap\u00f3s denunciar irregularidades em transfer\u00eancias de estudantes que migravam de cursos com baixa concorr\u00eancia para aqueles com alta concorr\u00eancia, o&nbsp;Minist\u00e9rio da Educa\u00e7\u00e3o acolheu a den\u00fancia&hellip; <\/p>\n","protected":false},"author":1,"featured_media":151748,"comment_status":"closed","ping_status":"closed","sticky":false,"template":"","format":"standard","meta":{"sfsi_plus_gutenberg_text_before_share":"","sfsi_plus_gutenberg_show_text_before_share":"","sfsi_plus_gutenberg_icon_type":"","sfsi_plus_gutenberg_icon_alignemt":"","sfsi_plus_gutenburg_max_per_row":"","footnotes":""},"categories":[14],"tags":[],"class_list":["post-151747","post","type-post","status-publish","format-standard","has-post-thumbnail","hentry","category-educacao"],"_links":{"self":[{"href":"https:\/\/www.caririemacao.com\/1\/wp-json\/wp\/v2\/posts\/151747","targetHints":{"allow":["GET"]}}],"collection":[{"href":"https:\/\/www.caririemacao.com\/1\/wp-json\/wp\/v2\/posts"}],"about":[{"href":"https:\/\/www.caririemacao.com\/1\/wp-json\/wp\/v2\/types\/post"}],"author":[{"embeddable":true,"href":"https:\/\/www.caririemacao.com\/1\/wp-json\/wp\/v2\/users\/1"}],"replies":[{"embeddable":true,"href":"https:\/\/www.caririemacao.com\/1\/wp-json\/wp\/v2\/comments?post=151747"}],"version-history":[{"count":1,"href":"https:\/\/www.caririemacao.com\/1\/wp-json\/wp\/v2\/posts\/151747\/revisions"}],"predecessor-version":[{"id":151749,"href":"https:\/\/www.caririemacao.com\/1\/wp-json\/wp\/v2\/posts\/151747\/revisions\/151749"}],"wp:featuredmedia":[{"embeddable":true,"href":"https:\/\/www.caririemacao.com\/1\/wp-json\/wp\/v2\/media\/151748"}],"wp:attachment":[{"href":"https:\/\/www.caririemacao.com\/1\/wp-json\/wp\/v2\/media?parent=151747"}],"wp:term":[{"taxonomy":"category","embeddable":true,"href":"https:\/\/www.caririemacao.com\/1\/wp-json\/wp\/v2\/categories?post=151747"},{"taxonomy":"post_tag","embeddable":true,"href":"https:\/\/www.caririemacao.com\/1\/wp-json\/wp\/v2\/tags?post=151747"}],"curies":[{"name":"wp","href":"https:\/\/api.w.org\/{rel}","templated":true}]}}