{"id":151750,"date":"2020-02-06T07:28:21","date_gmt":"2020-02-06T10:28:21","guid":{"rendered":"http:\/\/www.caririemacao.com\/1\/?p=151750"},"modified":"2020-02-06T07:28:23","modified_gmt":"2020-02-06T10:28:23","slug":"copom-reduz-taxa-basica-de-juros-para-425-ao-ano","status":"publish","type":"post","link":"https:\/\/www.caririemacao.com\/1\/2020\/02\/06\/copom-reduz-taxa-basica-de-juros-para-425-ao-ano\/","title":{"rendered":"Copom reduz taxa b\u00e1sica de juros para 4,25% ao ano"},"content":{"rendered":"\n<p>&nbsp;O Copom (Comit\u00ea de Pol\u00edtica Monet\u00e1ria) do Banco Central reduziu a taxa b\u00e1sica de juros nesta quarta-feira (5) de 4,50% para 4,25% ao ano, confirmando a expectativa da maior parte do mercado financeiro.<\/p>\n\n\n\n<p>Esse foi o quinto corte anunciado na gest\u00e3o do presidente Jair Bolsonaro. Desta vez, no entanto, a magnitude da redu\u00e7\u00e3o foi menor: 0,25 ponto percentual, ap\u00f3s quatro cortes de 0,50 ponto percentual realizados desde julho do ano passado.<\/p>\n\n\n\n<p>Desde dezembro de 2017 os juros v\u00eam renovando as m\u00ednimas hist\u00f3ricas. Por isso, a Selic est\u00e1 novamente no menor patamar desde que passou a ser utilizada como instrumento de pol\u00edtica monet\u00e1ria, em 1999.<\/p>\n\n\n\n<p>O corte ocorre em um momento de recupera\u00e7\u00e3o ainda lenta da economia brasileira, refor\u00e7ada pelas incertezas trazidas pelo surto do coronav\u00edrus a partir da China, e de expectativa de queda da infla\u00e7\u00e3o, ap\u00f3s a alta registrada no final de 2019 por causa do pre\u00e7o da carne.<\/p>\n\n\n\n<p>Contribui ainda o cen\u00e1rio de taxas de juros baixas em praticamente todas as economias relevantes, por conta do fraco desempenho da economia mundial.<\/p>\n\n\n\n<p>De acordo com levantamento da ag\u00eancia Bloomberg, 80% dos analistas consultados esperavam a redu\u00e7\u00e3o dos juros para 4,25%. Os outros 20% previam manuten\u00e7\u00e3o da taxa.<\/p>\n\n\n\n<p>A expectativa agora, de acordo com a pesquisa Focus do BC feita junto ao mercado, \u00e9 manuten\u00e7\u00e3o dos juros no patamar atual at\u00e9 o final do ano. Muitos analistas, no entanto, entre eles algumas grandes institui\u00e7\u00f5es financeiras, projetam novo corte da taxa na reuni\u00e3o do Copom de 18 de mar\u00e7o, para 4% ao ano.<\/p>\n\n\n\n<p>O ciclo atual de corte de juros come\u00e7ou em julho, quando a taxa estava em 6,50% ao ano, logo ap\u00f3s a aprova\u00e7\u00e3o da reforma da Previd\u00eancia pela C\u00e2mara. O BC tem condicionado a redu\u00e7\u00e3o dos juros ao andamento das reformas.<\/p>\n\n\n\n<p>A institui\u00e7\u00e3o tem afirmado ainda que v\u00e1rias mudan\u00e7as no sistema financeiro, como a redu\u00e7\u00e3o dos juros subsidiados e o surgimento de fintechs, gerou incertezas sobre a pot\u00eancia da pol\u00edtica monet\u00e1ria, ou seja, o impacto da redu\u00e7\u00e3o dos juros sobre a atividade.<\/p>\n\n\n\n<p>Com o corte da Selic, o Brasil est\u00e1 agora com uma taxa de juros real de 0,91% ao ano. Essa \u00e9 a diferen\u00e7a entre a o juro de 4,25% ao ano e a proje\u00e7\u00e3o de infla\u00e7\u00e3o para os pr\u00f3ximos 12 meses.<\/p>\n\n\n\n<p>De acordo com o boletim Focus, o mercado prev\u00ea IPCA (\u00cdndice Nacional de Pre\u00e7os ao Consumidor Amplo) de 3,4% para 2020.<\/p>\n\n\n\n<p>Apesar de a taxa estar na sua m\u00ednima hist\u00f3rica, o ICC (Indicador de Custo do Cr\u00e9dito) do BC mostra que a redu\u00e7\u00e3o ainda n\u00e3o chegou totalmente a consumidores e empresas. Enquanto a Selic caiu 2,25 pontos percentuais desde julho, a taxa m\u00e9dia de juros das opera\u00e7\u00f5es contratadas em dezembro atingiu 23,4% ao ano, diminui\u00e7\u00e3o de 0,2 ponto no ano.<\/p>\n\n\n\n<p>Nas opera\u00e7\u00f5es com pessoas f\u00edsicas, a taxa m\u00e9dia estava em 47,3% ao ano. No cr\u00e9dito \u00e0s empresas, atingiu 16,5% ao ano.<\/p>\n\n\n\n<p>A Selic chegou a 7,25% em 2012, no governo Dilma Rousseff, mas voltou a subir durante a gest\u00e3o da petista. No governo Michel Temer, os juros atingiram a m\u00ednima de 6,50% ao ano.<\/p>\n","protected":false},"excerpt":{"rendered":"<p>&nbsp;O Copom (Comit\u00ea de Pol\u00edtica Monet\u00e1ria) do Banco Central reduziu a taxa b\u00e1sica de juros nesta quarta-feira (5) de 4,50% para 4,25% ao ano, confirmando&hellip; <\/p>\n","protected":false},"author":1,"featured_media":151751,"comment_status":"closed","ping_status":"closed","sticky":false,"template":"","format":"standard","meta":{"sfsi_plus_gutenberg_text_before_share":"","sfsi_plus_gutenberg_show_text_before_share":"","sfsi_plus_gutenberg_icon_type":"","sfsi_plus_gutenberg_icon_alignemt":"","sfsi_plus_gutenburg_max_per_row":"","footnotes":""},"categories":[2],"tags":[],"class_list":["post-151750","post","type-post","status-publish","format-standard","has-post-thumbnail","hentry","category-geral"],"_links":{"self":[{"href":"https:\/\/www.caririemacao.com\/1\/wp-json\/wp\/v2\/posts\/151750","targetHints":{"allow":["GET"]}}],"collection":[{"href":"https:\/\/www.caririemacao.com\/1\/wp-json\/wp\/v2\/posts"}],"about":[{"href":"https:\/\/www.caririemacao.com\/1\/wp-json\/wp\/v2\/types\/post"}],"author":[{"embeddable":true,"href":"https:\/\/www.caririemacao.com\/1\/wp-json\/wp\/v2\/users\/1"}],"replies":[{"embeddable":true,"href":"https:\/\/www.caririemacao.com\/1\/wp-json\/wp\/v2\/comments?post=151750"}],"version-history":[{"count":1,"href":"https:\/\/www.caririemacao.com\/1\/wp-json\/wp\/v2\/posts\/151750\/revisions"}],"predecessor-version":[{"id":151752,"href":"https:\/\/www.caririemacao.com\/1\/wp-json\/wp\/v2\/posts\/151750\/revisions\/151752"}],"wp:featuredmedia":[{"embeddable":true,"href":"https:\/\/www.caririemacao.com\/1\/wp-json\/wp\/v2\/media\/151751"}],"wp:attachment":[{"href":"https:\/\/www.caririemacao.com\/1\/wp-json\/wp\/v2\/media?parent=151750"}],"wp:term":[{"taxonomy":"category","embeddable":true,"href":"https:\/\/www.caririemacao.com\/1\/wp-json\/wp\/v2\/categories?post=151750"},{"taxonomy":"post_tag","embeddable":true,"href":"https:\/\/www.caririemacao.com\/1\/wp-json\/wp\/v2\/tags?post=151750"}],"curies":[{"name":"wp","href":"https:\/\/api.w.org\/{rel}","templated":true}]}}