{"id":151757,"date":"2020-02-06T07:34:20","date_gmt":"2020-02-06T10:34:20","guid":{"rendered":"http:\/\/www.caririemacao.com\/1\/?p=151757"},"modified":"2020-02-06T07:34:22","modified_gmt":"2020-02-06T10:34:22","slug":"senado-aprova-mp-que-da-pensao-vitalicia-as-criancas-com-microcefalia-causada-pelo-zika","status":"publish","type":"post","link":"https:\/\/www.caririemacao.com\/1\/2020\/02\/06\/senado-aprova-mp-que-da-pensao-vitalicia-as-criancas-com-microcefalia-causada-pelo-zika\/","title":{"rendered":"Senado aprova MP que d\u00e1 pens\u00e3o vital\u00edcia \u00e0s crian\u00e7as com microcefalia causada pelo zika"},"content":{"rendered":"\n<p>Com aprova\u00e7\u00e3o, proposta vai para san\u00e7\u00e3o presidencial. Zika v\u00edrus causa complica\u00e7\u00f5es como microcefalia, encefalite, S\u00edndrome de Guillain-Barr\u00e9 e doen\u00e7as neurol\u00f3gicas.<\/p>\n\n\n\n<p>O plen\u00e1rio do Senado aprovou nesta quarta-feira (5) a medida provis\u00f3ria que concede pens\u00e3o vital\u00edcia no valor de um sal\u00e1rio m\u00ednimo (R$ 1.045,00) para crian\u00e7as que nasceram com microcefalia decorrente do zika v\u00edrus.<\/p>\n\n\n\n<p>O benef\u00edcio ser\u00e1 destinado \u00e0s crian\u00e7as nascidas entre 1\u00ba de janeiro de 2015 e 31 de dezembro de 2019 e que tamb\u00e9m recebem o Benef\u00edcio de Presta\u00e7\u00e3o Continuada (BPC).<\/p>\n\n\n\n<p>Com a aprova\u00e7\u00e3o pelo Senado, a proposta segue para san\u00e7\u00e3o presidencial.<\/p>\n\n\n\n<p>O zika v\u00edrus pode ser transmitido por meio de picada do Aedes aegypti, de sexo sem prote\u00e7\u00e3o ou da m\u00e3e para o feto na gravidez.<\/p>\n\n\n\n<p>O v\u00edrus causa complica\u00e7\u00f5es como microcefalia, encefalite, S\u00edndrome de Guillain-Barr\u00e9 e doen\u00e7as neurol\u00f3gicas.<\/p>\n\n\n\n<p>A microcefalia \u00e9 uma malforma\u00e7\u00e3o em que o c\u00e9rebro n\u00e3o se desenvolve de maneira adequada. Essa malforma\u00e7\u00e3o pode ser efeito de uma s\u00e9rie de fatores de diferentes origens, como subst\u00e2ncias qu\u00edmicas e infecciosas, bact\u00e9rias, v\u00edrus e radia\u00e7\u00e3o.<\/p>\n\n\n\n<p>De acordo com o Minist\u00e9rio da Sa\u00fade, a microcefalia pode ser acompanhada de epilepsia, paralisia cerebral, retardo no desenvolvimento cognitivo, motor e fala, al\u00e9m de problemas de vis\u00e3o e audi\u00e7\u00e3o.<\/p>\n\n\n\n<p>Segundo o minist\u00e9rio, cerca de 90% das microcefalias est\u00e3o associadas com retardo mental, exceto nas de origem familiar, que podem ter o desenvolvimento cognitivo normal.<\/p>\n\n\n\n<p>O tipo e o n\u00edvel de gravidade da sequela variam. Tratamentos realizados desde os primeiros anos melhoram o desenvolvimento e a qualidade de vida da crian\u00e7a.<\/p>\n","protected":false},"excerpt":{"rendered":"<p>Com aprova\u00e7\u00e3o, proposta vai para san\u00e7\u00e3o presidencial. Zika v\u00edrus causa complica\u00e7\u00f5es como microcefalia, encefalite, S\u00edndrome de Guillain-Barr\u00e9 e doen\u00e7as neurol\u00f3gicas. O plen\u00e1rio do Senado aprovou&hellip; <\/p>\n","protected":false},"author":1,"featured_media":151758,"comment_status":"closed","ping_status":"closed","sticky":false,"template":"","format":"standard","meta":{"sfsi_plus_gutenberg_text_before_share":"","sfsi_plus_gutenberg_show_text_before_share":"","sfsi_plus_gutenberg_icon_type":"","sfsi_plus_gutenberg_icon_alignemt":"","sfsi_plus_gutenburg_max_per_row":"","footnotes":""},"categories":[2],"tags":[],"class_list":["post-151757","post","type-post","status-publish","format-standard","has-post-thumbnail","hentry","category-geral"],"_links":{"self":[{"href":"https:\/\/www.caririemacao.com\/1\/wp-json\/wp\/v2\/posts\/151757","targetHints":{"allow":["GET"]}}],"collection":[{"href":"https:\/\/www.caririemacao.com\/1\/wp-json\/wp\/v2\/posts"}],"about":[{"href":"https:\/\/www.caririemacao.com\/1\/wp-json\/wp\/v2\/types\/post"}],"author":[{"embeddable":true,"href":"https:\/\/www.caririemacao.com\/1\/wp-json\/wp\/v2\/users\/1"}],"replies":[{"embeddable":true,"href":"https:\/\/www.caririemacao.com\/1\/wp-json\/wp\/v2\/comments?post=151757"}],"version-history":[{"count":1,"href":"https:\/\/www.caririemacao.com\/1\/wp-json\/wp\/v2\/posts\/151757\/revisions"}],"predecessor-version":[{"id":151759,"href":"https:\/\/www.caririemacao.com\/1\/wp-json\/wp\/v2\/posts\/151757\/revisions\/151759"}],"wp:featuredmedia":[{"embeddable":true,"href":"https:\/\/www.caririemacao.com\/1\/wp-json\/wp\/v2\/media\/151758"}],"wp:attachment":[{"href":"https:\/\/www.caririemacao.com\/1\/wp-json\/wp\/v2\/media?parent=151757"}],"wp:term":[{"taxonomy":"category","embeddable":true,"href":"https:\/\/www.caririemacao.com\/1\/wp-json\/wp\/v2\/categories?post=151757"},{"taxonomy":"post_tag","embeddable":true,"href":"https:\/\/www.caririemacao.com\/1\/wp-json\/wp\/v2\/tags?post=151757"}],"curies":[{"name":"wp","href":"https:\/\/api.w.org\/{rel}","templated":true}]}}