{"id":151761,"date":"2020-02-06T07:35:37","date_gmt":"2020-02-06T10:35:37","guid":{"rendered":"http:\/\/www.caririemacao.com\/1\/?p=151761"},"modified":"2020-02-06T07:35:39","modified_gmt":"2020-02-06T10:35:39","slug":"pessoa-com-hiv-e-uma-despesa-para-todos-diz-bolsonaro","status":"publish","type":"post","link":"https:\/\/www.caririemacao.com\/1\/2020\/02\/06\/pessoa-com-hiv-e-uma-despesa-para-todos-diz-bolsonaro\/","title":{"rendered":"Pessoa com HIV &#8216;\u00e9 uma despesa para todos&#8217;, diz Bolsonaro"},"content":{"rendered":"\n<p>&nbsp;O presidente Jair Bolsonaro afirmou nesta quarta-feira que pessoas portadoras do v\u00edrus HIV, transmissor da Aids, s\u00e3o &#8220;uma despesa para todos no Brasil&#8221;, al\u00e9m de um &#8220;problema s\u00e9rio&#8221; para a pr\u00f3pria pessoa. Bolsonaro fez o coment\u00e1rio enquanto falava sobre uma hist\u00f3ria contada pelo jornalista Alexandre Garcia, sobre a experi\u00eancia da sua esposa, que \u00e9 obstetra.<\/p>\n\n\n\n<p>\u2014 O pr\u00f3prio Alexandre Garcia, ele fala que a esposa dele, que \u00e9 obstetra, atendeu uma mulher que come\u00e7ou com o primeiro filho com 12 anos de idade. Outro com 15, e no terceiro, que a esposa dele atendeu, ela j\u00e1 estava com HIV. Uma pessoa com HIV, al\u00e9m do problema s\u00e9rio para ela, \u00e9 uma despesa para todos no Brasil \u2014 disse Bolsonaro, na sa\u00edda do Pal\u00e1cio da Alvorada.<\/p>\n\n\n\n<p>A declara\u00e7\u00e3o foi feita enquanto Bolsonaro defendia a ministra Damares Alves (Mulher, Fam\u00edlia e Direitos Humanos) por prop\u00f4r a abstin\u00eancia sexual como pol\u00edtica p\u00fablica contra a gravidez precoce. Bolsonaro criticou os que &#8220;esculhambam&#8221; Damares e citou sua pr\u00f3pria filha, Laura, dizendo que n\u00e3o quer ver ela gr\u00e1vida com 10 anos.<\/p>\n\n\n\n<p>\u2014 Quando ela fala em abstin\u00eancia sexual, esculhambam ela. Quem quer&#8230; Eu tenho uma filha de nove anos, voc\u00ea acha que eu quero minha filha gr\u00e1vida no ano que vem? N\u00e3o tem cabimento isso a\u00ed. \u00c9 essa a campanha que ela faz \u2014 disse o presidente sobre Damares.<\/p>\n\n\n\n<p>Bolsonaro afirmou que h\u00e1 uma &#8220;deprava\u00e7\u00e3o total&#8221; e responsabilizou as administra\u00e7\u00f5es do PT por isso:<\/p>\n\n\n\n<p>\u2014 Essa liberdade que pregaram ao longo (do governo) do PT todo, que vale tudo, se glamoriza certos comportamentos que um chefe de fam\u00edlia n\u00e3o concorda, chega a esse ponto, uma deprava\u00e7\u00e3o total. N\u00e3o se respeita nem sala de aula mais.<\/p>\n","protected":false},"excerpt":{"rendered":"<p>&nbsp;O presidente Jair Bolsonaro afirmou nesta quarta-feira que pessoas portadoras do v\u00edrus HIV, transmissor da Aids, s\u00e3o &#8220;uma despesa para todos no Brasil&#8221;, al\u00e9m de&hellip; <\/p>\n","protected":false},"author":1,"featured_media":151762,"comment_status":"closed","ping_status":"closed","sticky":false,"template":"","format":"standard","meta":{"sfsi_plus_gutenberg_text_before_share":"","sfsi_plus_gutenberg_show_text_before_share":"","sfsi_plus_gutenberg_icon_type":"","sfsi_plus_gutenberg_icon_alignemt":"","sfsi_plus_gutenburg_max_per_row":"","footnotes":""},"categories":[11],"tags":[],"class_list":["post-151761","post","type-post","status-publish","format-standard","has-post-thumbnail","hentry","category-politica"],"_links":{"self":[{"href":"https:\/\/www.caririemacao.com\/1\/wp-json\/wp\/v2\/posts\/151761","targetHints":{"allow":["GET"]}}],"collection":[{"href":"https:\/\/www.caririemacao.com\/1\/wp-json\/wp\/v2\/posts"}],"about":[{"href":"https:\/\/www.caririemacao.com\/1\/wp-json\/wp\/v2\/types\/post"}],"author":[{"embeddable":true,"href":"https:\/\/www.caririemacao.com\/1\/wp-json\/wp\/v2\/users\/1"}],"replies":[{"embeddable":true,"href":"https:\/\/www.caririemacao.com\/1\/wp-json\/wp\/v2\/comments?post=151761"}],"version-history":[{"count":1,"href":"https:\/\/www.caririemacao.com\/1\/wp-json\/wp\/v2\/posts\/151761\/revisions"}],"predecessor-version":[{"id":151763,"href":"https:\/\/www.caririemacao.com\/1\/wp-json\/wp\/v2\/posts\/151761\/revisions\/151763"}],"wp:featuredmedia":[{"embeddable":true,"href":"https:\/\/www.caririemacao.com\/1\/wp-json\/wp\/v2\/media\/151762"}],"wp:attachment":[{"href":"https:\/\/www.caririemacao.com\/1\/wp-json\/wp\/v2\/media?parent=151761"}],"wp:term":[{"taxonomy":"category","embeddable":true,"href":"https:\/\/www.caririemacao.com\/1\/wp-json\/wp\/v2\/categories?post=151761"},{"taxonomy":"post_tag","embeddable":true,"href":"https:\/\/www.caririemacao.com\/1\/wp-json\/wp\/v2\/tags?post=151761"}],"curies":[{"name":"wp","href":"https:\/\/api.w.org\/{rel}","templated":true}]}}