{"id":151764,"date":"2020-02-06T07:37:31","date_gmt":"2020-02-06T10:37:31","guid":{"rendered":"http:\/\/www.caririemacao.com\/1\/?p=151764"},"modified":"2020-02-06T07:37:33","modified_gmt":"2020-02-06T10:37:33","slug":"bolsonaro-diz-que-zera-impostos-se-governadores-acabarem-com-icms","status":"publish","type":"post","link":"https:\/\/www.caririemacao.com\/1\/2020\/02\/06\/bolsonaro-diz-que-zera-impostos-se-governadores-acabarem-com-icms\/","title":{"rendered":"Bolsonaro diz que zera impostos se governadores acabarem com ICMS"},"content":{"rendered":"\n<p><br>O presidente Jair Bolsonaro disse hoje (5) que zera os impostos federais sobre combust\u00edveis se os governadores tamb\u00e9m zerarem a cobran\u00e7a do Imposto sobre Circula\u00e7\u00e3o de Mercadorias e Servi\u00e7os (ICMS). O pre\u00e7o dos combust\u00edveis vem sendo tema de debates entre autoridades dos governos federal e estaduais.<\/p>\n\n\n\n<p>Enquanto governadores querem que o governo reveja os impostos federais sobre os combust\u00edveis, como PIS, Cofins e Cide, Bolsonaro vem defendendo uma mudan\u00e7a na forma de cobran\u00e7a do ICMS sobre esses produtos. O ICMS \u00e9 um tributo estadual que representa uma fatia importante de arrecada\u00e7\u00e3o tribut\u00e1ria dos governo locais.<\/p>\n\n\n\n<p>\u201cEu zero o federal se eles zerarem o ICMS. Est\u00e1 feito o desafio aqui agora. Eu zero o federal hoje, eles zeram o ICMS. Se topar, eu aceito\u201d, disse ao deixar o Pal\u00e1cio da Alvorada na manh\u00e3 desta quarta-feira. Para o presidente, o tributo deveria ser calculado sobre o valor vendido nas refinarias e n\u00e3o nos postos de combust\u00edveis.<\/p>\n\n\n\n<p>\u201cOlha o problema que eu estou tendo com combust\u00edvel. Pelo menos a popula\u00e7\u00e3o j\u00e1 come\u00e7ou a ver de quem \u00e9 a responsabilidade. N\u00e3o estou brigando com governadores. O que eu quero \u00e9 que o ICMS seja cobrado no combust\u00edvel l\u00e1 na refinaria, e n\u00e3o na bomba. Eu baixei tr\u00eas vezes o combust\u00edvel nos \u00faltimos dias, mas na bomba n\u00e3o baixou nada\u201d, disse Bolsonaro.<\/p>\n","protected":false},"excerpt":{"rendered":"<p>O presidente Jair Bolsonaro disse hoje (5) que zera os impostos federais sobre combust\u00edveis se os governadores tamb\u00e9m zerarem a cobran\u00e7a do Imposto sobre Circula\u00e7\u00e3o&hellip; <\/p>\n","protected":false},"author":1,"featured_media":151765,"comment_status":"closed","ping_status":"closed","sticky":false,"template":"","format":"standard","meta":{"sfsi_plus_gutenberg_text_before_share":"","sfsi_plus_gutenberg_show_text_before_share":"","sfsi_plus_gutenberg_icon_type":"","sfsi_plus_gutenberg_icon_alignemt":"","sfsi_plus_gutenburg_max_per_row":"","footnotes":""},"categories":[11],"tags":[],"class_list":["post-151764","post","type-post","status-publish","format-standard","has-post-thumbnail","hentry","category-politica"],"_links":{"self":[{"href":"https:\/\/www.caririemacao.com\/1\/wp-json\/wp\/v2\/posts\/151764","targetHints":{"allow":["GET"]}}],"collection":[{"href":"https:\/\/www.caririemacao.com\/1\/wp-json\/wp\/v2\/posts"}],"about":[{"href":"https:\/\/www.caririemacao.com\/1\/wp-json\/wp\/v2\/types\/post"}],"author":[{"embeddable":true,"href":"https:\/\/www.caririemacao.com\/1\/wp-json\/wp\/v2\/users\/1"}],"replies":[{"embeddable":true,"href":"https:\/\/www.caririemacao.com\/1\/wp-json\/wp\/v2\/comments?post=151764"}],"version-history":[{"count":1,"href":"https:\/\/www.caririemacao.com\/1\/wp-json\/wp\/v2\/posts\/151764\/revisions"}],"predecessor-version":[{"id":151766,"href":"https:\/\/www.caririemacao.com\/1\/wp-json\/wp\/v2\/posts\/151764\/revisions\/151766"}],"wp:featuredmedia":[{"embeddable":true,"href":"https:\/\/www.caririemacao.com\/1\/wp-json\/wp\/v2\/media\/151765"}],"wp:attachment":[{"href":"https:\/\/www.caririemacao.com\/1\/wp-json\/wp\/v2\/media?parent=151764"}],"wp:term":[{"taxonomy":"category","embeddable":true,"href":"https:\/\/www.caririemacao.com\/1\/wp-json\/wp\/v2\/categories?post=151764"},{"taxonomy":"post_tag","embeddable":true,"href":"https:\/\/www.caririemacao.com\/1\/wp-json\/wp\/v2\/tags?post=151764"}],"curies":[{"name":"wp","href":"https:\/\/api.w.org\/{rel}","templated":true}]}}