{"id":151767,"date":"2020-02-06T07:38:57","date_gmt":"2020-02-06T10:38:57","guid":{"rendered":"http:\/\/www.caririemacao.com\/1\/?p=151767"},"modified":"2020-02-06T07:38:59","modified_gmt":"2020-02-06T10:38:59","slug":"no-sertao-paraibano-filho-e-acusado-de-matar-a-propria-mae","status":"publish","type":"post","link":"https:\/\/www.caririemacao.com\/1\/2020\/02\/06\/no-sertao-paraibano-filho-e-acusado-de-matar-a-propria-mae\/","title":{"rendered":"No Sert\u00e3o paraibano, filho \u00e9 acusado de matar a pr\u00f3pria m\u00e3e"},"content":{"rendered":"\n<p>Em Pianc\u00f3, no Sert\u00e3o paraibano, um filho est\u00e1 sendo acusado de matar a pr\u00f3pria m\u00e3e.<\/p>\n\n\n\n<p>Em contato com a reportagem da TV Para\u00edba, o delegado Ant\u00f4nio Netto, respons\u00e1vel pela investiga\u00e7\u00e3o, comentou o caso:<\/p>\n\n\n\n<p>\u2013 Ao chegar no local (a resid\u00eancia deles), a guarni\u00e7\u00e3o da pol\u00edcia se deparou com duas testemunhas contendo o suspeito, e o corpo da v\u00edtima estirado no ch\u00e3o e ao lado uma faca de mesa. Diante da situa\u00e7\u00e3o, foi dada a voz de pris\u00e3o dele e conduzido \u00e0 delegacia. O delegado ouviu as pessoas apresentadas e chegou \u00e0 convic\u00e7\u00e3o de que realmente o filho tinha matado a m\u00e3e por meio de facada \u2013 disse.<\/p>\n\n\n\n<p>Para\u00edba Online <\/p>\n","protected":false},"excerpt":{"rendered":"<p>Em Pianc\u00f3, no Sert\u00e3o paraibano, um filho est\u00e1 sendo acusado de matar a pr\u00f3pria m\u00e3e. Em contato com a reportagem da TV Para\u00edba, o delegado&hellip; <\/p>\n","protected":false},"author":1,"featured_media":151768,"comment_status":"closed","ping_status":"closed","sticky":false,"template":"","format":"standard","meta":{"sfsi_plus_gutenberg_text_before_share":"","sfsi_plus_gutenberg_show_text_before_share":"","sfsi_plus_gutenberg_icon_type":"","sfsi_plus_gutenberg_icon_alignemt":"","sfsi_plus_gutenburg_max_per_row":"","footnotes":""},"categories":[12],"tags":[],"class_list":["post-151767","post","type-post","status-publish","format-standard","has-post-thumbnail","hentry","category-policia"],"_links":{"self":[{"href":"https:\/\/www.caririemacao.com\/1\/wp-json\/wp\/v2\/posts\/151767","targetHints":{"allow":["GET"]}}],"collection":[{"href":"https:\/\/www.caririemacao.com\/1\/wp-json\/wp\/v2\/posts"}],"about":[{"href":"https:\/\/www.caririemacao.com\/1\/wp-json\/wp\/v2\/types\/post"}],"author":[{"embeddable":true,"href":"https:\/\/www.caririemacao.com\/1\/wp-json\/wp\/v2\/users\/1"}],"replies":[{"embeddable":true,"href":"https:\/\/www.caririemacao.com\/1\/wp-json\/wp\/v2\/comments?post=151767"}],"version-history":[{"count":1,"href":"https:\/\/www.caririemacao.com\/1\/wp-json\/wp\/v2\/posts\/151767\/revisions"}],"predecessor-version":[{"id":151769,"href":"https:\/\/www.caririemacao.com\/1\/wp-json\/wp\/v2\/posts\/151767\/revisions\/151769"}],"wp:featuredmedia":[{"embeddable":true,"href":"https:\/\/www.caririemacao.com\/1\/wp-json\/wp\/v2\/media\/151768"}],"wp:attachment":[{"href":"https:\/\/www.caririemacao.com\/1\/wp-json\/wp\/v2\/media?parent=151767"}],"wp:term":[{"taxonomy":"category","embeddable":true,"href":"https:\/\/www.caririemacao.com\/1\/wp-json\/wp\/v2\/categories?post=151767"},{"taxonomy":"post_tag","embeddable":true,"href":"https:\/\/www.caririemacao.com\/1\/wp-json\/wp\/v2\/tags?post=151767"}],"curies":[{"name":"wp","href":"https:\/\/api.w.org\/{rel}","templated":true}]}}