{"id":151770,"date":"2020-02-06T07:40:51","date_gmt":"2020-02-06T10:40:51","guid":{"rendered":"http:\/\/www.caririemacao.com\/1\/?p=151770"},"modified":"2020-02-06T07:40:53","modified_gmt":"2020-02-06T10:40:53","slug":"dirigente-do-cidadania-comenta-demanda-de-filiacoes-apos-entrada-de-joao-azevedo","status":"publish","type":"post","link":"https:\/\/www.caririemacao.com\/1\/2020\/02\/06\/dirigente-do-cidadania-comenta-demanda-de-filiacoes-apos-entrada-de-joao-azevedo\/","title":{"rendered":"Dirigente do Cidadania comenta demanda de filia\u00e7\u00f5es ap\u00f3s entrada de Jo\u00e3o Azev\u00eado"},"content":{"rendered":"\n<p>A pol\u00edtica paraibana anda muito conturbada depois dos \u00faltimos desdobramentos da \u2018Opera\u00e7\u00e3o Calv\u00e1rio\u2019, principalmente ap\u00f3s sua s\u00e9tima fase, deflagrada no final de 2019.<\/p>\n\n\n\n<p>Um efeito colateral desses desdobramentos foi a sa\u00edda de diversos pol\u00edticos do PSB, inclusive o governador Jo\u00e3o Azev\u00eado, que buscou se filiar ao Cidadania.<\/p>\n\n\n\n<p>Em entrevista \u00e0 uma emissora de r\u00e1dio local, o presidente estadual do Cidadania, Ronaldo Guerra, esclareceu algumas d\u00favidas referente a filia\u00e7\u00e3o, n\u00e3o s\u00f3 do governador, mas tamb\u00e9m de todos os interessados em adentrar no partido.<\/p>\n\n\n\n<p>De acordo com ele, as filia\u00e7\u00f5es ainda est\u00e3o em processo de formaliza\u00e7\u00e3o, no entanto prefeitos, prefeitas e vereadores de todo o territ\u00f3rio estadual j\u00e1 est\u00e3o buscando a legenda.<\/p>\n\n\n\n<p>\u201cVamos marcar, l\u00e1 para o dia 15 ou 20 n\u00f3s anunciaremos o dia da filia\u00e7\u00e3o solene, evidentemente, do governador Jo\u00e3o Azevedo e desses prefeitos\u201d, completou.<\/p>\n\n\n\n<p>Ronaldo destacou tamb\u00e9m que alguns convites de filia\u00e7\u00e3o s\u00e3o realizados pelo pr\u00f3prio Jo\u00e3o Azev\u00eado, mas em alguns casos, o governador delegou a tarefa para ele.<\/p>\n\n\n\n<p>\u201cA semana passada mesmo eu recebi uma carta de 22 prefeitos se desfiliando do PSB e demonstrando a vontade de se filiar ao cidadania. N\u00f3s come\u00e7amos a fazer desde ontem, j\u00e1 filiamos uns 8 ou 10 prefeitos desses 22, hoje, possivelmente dever\u00e1 vir mais uns 5 ou 6\u201d, pontuou.<\/p>\n\n\n\n<p>Ainda de acordo com Guerra, todo esse processo est\u00e1 ocorrendo no dia a dia, e, a medida que as filia\u00e7\u00f5es est\u00e3o sendo concretizadas os nomes ir\u00e3o sendo anunciados, em seguida, a data do evento de apresenta\u00e7\u00e3o com todos os prefeitos ser\u00e1 marcada.<\/p>\n\n\n\n<p>Para\u00edba Online <\/p>\n","protected":false},"excerpt":{"rendered":"<p>A pol\u00edtica paraibana anda muito conturbada depois dos \u00faltimos desdobramentos da \u2018Opera\u00e7\u00e3o Calv\u00e1rio\u2019, principalmente ap\u00f3s sua s\u00e9tima fase, deflagrada no final de 2019. Um efeito&hellip; <\/p>\n","protected":false},"author":1,"featured_media":151771,"comment_status":"closed","ping_status":"closed","sticky":false,"template":"","format":"standard","meta":{"sfsi_plus_gutenberg_text_before_share":"","sfsi_plus_gutenberg_show_text_before_share":"","sfsi_plus_gutenberg_icon_type":"","sfsi_plus_gutenberg_icon_alignemt":"","sfsi_plus_gutenburg_max_per_row":"","footnotes":""},"categories":[2],"tags":[],"class_list":["post-151770","post","type-post","status-publish","format-standard","has-post-thumbnail","hentry","category-geral"],"_links":{"self":[{"href":"https:\/\/www.caririemacao.com\/1\/wp-json\/wp\/v2\/posts\/151770","targetHints":{"allow":["GET"]}}],"collection":[{"href":"https:\/\/www.caririemacao.com\/1\/wp-json\/wp\/v2\/posts"}],"about":[{"href":"https:\/\/www.caririemacao.com\/1\/wp-json\/wp\/v2\/types\/post"}],"author":[{"embeddable":true,"href":"https:\/\/www.caririemacao.com\/1\/wp-json\/wp\/v2\/users\/1"}],"replies":[{"embeddable":true,"href":"https:\/\/www.caririemacao.com\/1\/wp-json\/wp\/v2\/comments?post=151770"}],"version-history":[{"count":1,"href":"https:\/\/www.caririemacao.com\/1\/wp-json\/wp\/v2\/posts\/151770\/revisions"}],"predecessor-version":[{"id":151772,"href":"https:\/\/www.caririemacao.com\/1\/wp-json\/wp\/v2\/posts\/151770\/revisions\/151772"}],"wp:featuredmedia":[{"embeddable":true,"href":"https:\/\/www.caririemacao.com\/1\/wp-json\/wp\/v2\/media\/151771"}],"wp:attachment":[{"href":"https:\/\/www.caririemacao.com\/1\/wp-json\/wp\/v2\/media?parent=151770"}],"wp:term":[{"taxonomy":"category","embeddable":true,"href":"https:\/\/www.caririemacao.com\/1\/wp-json\/wp\/v2\/categories?post=151770"},{"taxonomy":"post_tag","embeddable":true,"href":"https:\/\/www.caririemacao.com\/1\/wp-json\/wp\/v2\/tags?post=151770"}],"curies":[{"name":"wp","href":"https:\/\/api.w.org\/{rel}","templated":true}]}}