{"id":151773,"date":"2020-02-06T07:45:05","date_gmt":"2020-02-06T10:45:05","guid":{"rendered":"http:\/\/www.caririemacao.com\/1\/?p=151773"},"modified":"2020-02-06T07:45:07","modified_gmt":"2020-02-06T10:45:07","slug":"joao-azevedo-comenta-relacao-politica-com-g11-na-assembleia","status":"publish","type":"post","link":"https:\/\/www.caririemacao.com\/1\/2020\/02\/06\/joao-azevedo-comenta-relacao-politica-com-g11-na-assembleia\/","title":{"rendered":"Jo\u00e3o Azev\u00eado comenta rela\u00e7\u00e3o pol\u00edtica com G11 na Assembleia"},"content":{"rendered":"\n<p>Questionado nesta quarta-feira (5) durante entrevista para a R\u00e1dio Arapuan se pretendia dar ainda mais espa\u00e7o ao&nbsp;<a href=\"https:\/\/paraibaonline.com.br\/2020\/02\/g11-anuncia-nova-lideranca-para-atuar-na-assembleia-legislativa-da-paraiba\/\">G11 na Assembleia Legislativa da Para\u00edba (ALPB)<\/a>, o governador Jo\u00e3o Azev\u00eado (Cidadania) disse se tratar de um processo de constru\u00e7\u00e3o que envolve muito di\u00e1logo.<\/p>\n\n\n\n<p>\u2013 Isso \u00e9 um processo de constru\u00e7\u00e3o. N\u00f3s vamos sim conversar com todos os deputados. Tivemos, antes dessa abertura, um caf\u00e9 da manh\u00e3, onde tivemos a oportunidade de colocar algumas coisas. Isso \u00e9 fundamental dentro do processo democr\u00e1tico: o di\u00e1logo e a conversa \u2013 colocou.<\/p>\n\n\n\n<p>Os trabalhos legislativos na ALPB foram iniciados na manh\u00e3 de hoje.<\/p>\n\n\n\n<p>Nesta quarta-feira (5), tamb\u00e9m em entrevista, o ex-l\u00edder do G11, J\u00fanior Ara\u00fajo (Avante), convidado para integrar uma Secretaria de Estado, criticou o pedido de abertura de uma Comiss\u00e3o Parlamentar de Inqu\u00e9rito (CPI) para aprofundar as investiga\u00e7\u00f5es da Opera\u00e7\u00e3o Calv\u00e1rio.<\/p>\n\n\n\n<p>O ent\u00e3o deputado disse ainda que predomina no G11 o sentimento de defesa do governador Jo\u00e3o Azev\u00eado (Cidadania) e da governabilidade no estado. \u201cO poder Executivo sempre teve a solidariedade do G11 no ano de 2019. Em 2020 n\u00e3o ser\u00e1 diferente\u201d, disse.<\/p>\n","protected":false},"excerpt":{"rendered":"<p>Questionado nesta quarta-feira (5) durante entrevista para a R\u00e1dio Arapuan se pretendia dar ainda mais espa\u00e7o ao&nbsp;G11 na Assembleia Legislativa da Para\u00edba (ALPB), o governador&hellip; <\/p>\n","protected":false},"author":1,"featured_media":151774,"comment_status":"closed","ping_status":"closed","sticky":false,"template":"","format":"standard","meta":{"sfsi_plus_gutenberg_text_before_share":"","sfsi_plus_gutenberg_show_text_before_share":"","sfsi_plus_gutenberg_icon_type":"","sfsi_plus_gutenberg_icon_alignemt":"","sfsi_plus_gutenburg_max_per_row":"","footnotes":""},"categories":[11],"tags":[],"class_list":["post-151773","post","type-post","status-publish","format-standard","has-post-thumbnail","hentry","category-politica"],"_links":{"self":[{"href":"https:\/\/www.caririemacao.com\/1\/wp-json\/wp\/v2\/posts\/151773","targetHints":{"allow":["GET"]}}],"collection":[{"href":"https:\/\/www.caririemacao.com\/1\/wp-json\/wp\/v2\/posts"}],"about":[{"href":"https:\/\/www.caririemacao.com\/1\/wp-json\/wp\/v2\/types\/post"}],"author":[{"embeddable":true,"href":"https:\/\/www.caririemacao.com\/1\/wp-json\/wp\/v2\/users\/1"}],"replies":[{"embeddable":true,"href":"https:\/\/www.caririemacao.com\/1\/wp-json\/wp\/v2\/comments?post=151773"}],"version-history":[{"count":1,"href":"https:\/\/www.caririemacao.com\/1\/wp-json\/wp\/v2\/posts\/151773\/revisions"}],"predecessor-version":[{"id":151775,"href":"https:\/\/www.caririemacao.com\/1\/wp-json\/wp\/v2\/posts\/151773\/revisions\/151775"}],"wp:featuredmedia":[{"embeddable":true,"href":"https:\/\/www.caririemacao.com\/1\/wp-json\/wp\/v2\/media\/151774"}],"wp:attachment":[{"href":"https:\/\/www.caririemacao.com\/1\/wp-json\/wp\/v2\/media?parent=151773"}],"wp:term":[{"taxonomy":"category","embeddable":true,"href":"https:\/\/www.caririemacao.com\/1\/wp-json\/wp\/v2\/categories?post=151773"},{"taxonomy":"post_tag","embeddable":true,"href":"https:\/\/www.caririemacao.com\/1\/wp-json\/wp\/v2\/tags?post=151773"}],"curies":[{"name":"wp","href":"https:\/\/api.w.org\/{rel}","templated":true}]}}