{"id":151776,"date":"2020-02-06T07:46:32","date_gmt":"2020-02-06T10:46:32","guid":{"rendered":"http:\/\/www.caririemacao.com\/1\/?p=151776"},"modified":"2020-02-06T07:46:34","modified_gmt":"2020-02-06T10:46:34","slug":"governador-crava-reforma-da-previdencia-nao-e-optativa","status":"publish","type":"post","link":"https:\/\/www.caririemacao.com\/1\/2020\/02\/06\/governador-crava-reforma-da-previdencia-nao-e-optativa\/","title":{"rendered":"Governador crava: reforma da previd\u00eancia n\u00e3o \u00e9 optativa"},"content":{"rendered":"\n<p>O governador Jo\u00e3o Azev\u00eado (Cidadania), em entrevista coletiva na manh\u00e3 desta quarta-feira (5), durante a abertura dos trabalhos na Assembleia Legislativa da Para\u00edba (ALPB), comentou sobre a reforma da previd\u00eancia, e refor\u00e7ou a obrigatoriedade da aprova\u00e7\u00e3o da mesma.<\/p>\n\n\n\n<p>O governador paraibano ressaltou que a aprova\u00e7\u00e3o de uma nova reforma \u00e9 obrigat\u00f3ria para todos os estados e munic\u00edpios brasileiros, e ressaltou que caso n\u00e3o ocorra, o sistema de aposentadorias poder\u00e1 sofrer consequ\u00eancias.<\/p>\n\n\n\n<p>\u201cA reforma da previd\u00eancia se encontra na assembleia e ter\u00e1 tranquilidade para an\u00e1lise. A reforma \u00e9 obrigat\u00f3ria para o governo do estado e todos os munic\u00edpios realizarem, n\u00e3o \u00e9 optativa. Se n\u00f3s n\u00e3o aprovarmos a reforma, em junho deste ano n\u00f3s estaremos sem o certificado de regularidade da PBprev, o que vai inviabilizar todo o sistema de aposentadoria do estado\u201d, declarou.<\/p>\n\n\n\n<p>Al\u00e9m disso, Jo\u00e3o Azev\u00eado refor\u00e7ou o papel fundamental da ALPB na aprova\u00e7\u00e3o de uma reforma previdenci\u00e1ria que esteja \u201cno melhor caminho\u201d.<\/p>\n\n\n\n<p>\u201cA assembleia com a sua maturidade, vai verificar quais s\u00e3o as forma que est\u00e3o colocadas. Se faz uma tabela progressiva, se aplica um percentual \u00fanico, essa \u00e9 a discuss\u00e3o que a assembleia vai fazer e eu tenho certeza que vai encontrar o melhor caminho\u201d, garantiu.<\/p>\n\n\n\n<p>Para\u00edba Online <\/p>\n","protected":false},"excerpt":{"rendered":"<p>O governador Jo\u00e3o Azev\u00eado (Cidadania), em entrevista coletiva na manh\u00e3 desta quarta-feira (5), durante a abertura dos trabalhos na Assembleia Legislativa da Para\u00edba (ALPB), comentou&hellip; <\/p>\n","protected":false},"author":1,"featured_media":151777,"comment_status":"closed","ping_status":"closed","sticky":false,"template":"","format":"standard","meta":{"sfsi_plus_gutenberg_text_before_share":"","sfsi_plus_gutenberg_show_text_before_share":"","sfsi_plus_gutenberg_icon_type":"","sfsi_plus_gutenberg_icon_alignemt":"","sfsi_plus_gutenburg_max_per_row":"","footnotes":""},"categories":[50,11],"tags":[],"class_list":["post-151776","post","type-post","status-publish","format-standard","has-post-thumbnail","hentry","category-destaque","category-politica"],"_links":{"self":[{"href":"https:\/\/www.caririemacao.com\/1\/wp-json\/wp\/v2\/posts\/151776","targetHints":{"allow":["GET"]}}],"collection":[{"href":"https:\/\/www.caririemacao.com\/1\/wp-json\/wp\/v2\/posts"}],"about":[{"href":"https:\/\/www.caririemacao.com\/1\/wp-json\/wp\/v2\/types\/post"}],"author":[{"embeddable":true,"href":"https:\/\/www.caririemacao.com\/1\/wp-json\/wp\/v2\/users\/1"}],"replies":[{"embeddable":true,"href":"https:\/\/www.caririemacao.com\/1\/wp-json\/wp\/v2\/comments?post=151776"}],"version-history":[{"count":1,"href":"https:\/\/www.caririemacao.com\/1\/wp-json\/wp\/v2\/posts\/151776\/revisions"}],"predecessor-version":[{"id":151778,"href":"https:\/\/www.caririemacao.com\/1\/wp-json\/wp\/v2\/posts\/151776\/revisions\/151778"}],"wp:featuredmedia":[{"embeddable":true,"href":"https:\/\/www.caririemacao.com\/1\/wp-json\/wp\/v2\/media\/151777"}],"wp:attachment":[{"href":"https:\/\/www.caririemacao.com\/1\/wp-json\/wp\/v2\/media?parent=151776"}],"wp:term":[{"taxonomy":"category","embeddable":true,"href":"https:\/\/www.caririemacao.com\/1\/wp-json\/wp\/v2\/categories?post=151776"},{"taxonomy":"post_tag","embeddable":true,"href":"https:\/\/www.caririemacao.com\/1\/wp-json\/wp\/v2\/tags?post=151776"}],"curies":[{"name":"wp","href":"https:\/\/api.w.org\/{rel}","templated":true}]}}