{"id":151780,"date":"2020-02-06T07:48:10","date_gmt":"2020-02-06T10:48:10","guid":{"rendered":"http:\/\/www.caririemacao.com\/1\/?p=151780"},"modified":"2020-02-06T07:48:11","modified_gmt":"2020-02-06T10:48:11","slug":"no-dia-nacional-da-mamografia-mastologista-destaca-importancia-do-exame","status":"publish","type":"post","link":"https:\/\/www.caririemacao.com\/1\/2020\/02\/06\/no-dia-nacional-da-mamografia-mastologista-destaca-importancia-do-exame\/","title":{"rendered":"No Dia Nacional da Mamografia, mastologista destaca import\u00e2ncia do exame"},"content":{"rendered":"\n<p><br> Nesta quarta-feira (5) \u00e9 comemorado o Dia Nacional da Mamografia, exame que \u00e9 realizado com o intuito de prevenir ou de detectar o c\u00e2ncer de mama.<\/p>\n\n\n\n<p>A mastologista Maria do Carmo afirmou que a mamografia \u00e9 um exame essencial para a detec\u00e7\u00e3o do c\u00e2ncer de mama e deve ser realizada anualmente em mulheres a partir dos 40 anos.<\/p>\n\n\n\n<p>Ela destacou que existem muitos mitos em rela\u00e7\u00e3o \u00e0 mamografia, mas assegurou que o exame \u00e9 reconhecido mundialmente como um m\u00e9todo muito seguro e eficaz.<\/p>\n\n\n\n<figure class=\"wp-block-image\"><img decoding=\"async\" data-src=\"https:\/\/paraibaonline.com.br\/wp-content\/uploads\/2017\/10\/mamografia1.jpg\" alt=\"Para\u00edba Online \u2022 No Dia Nacional da Mamografia, mastologista destaca import\u00e2ncia do exame\" class=\"wp-image-194473 lazyload\" src=\"data:image\/svg+xml;base64,PHN2ZyB3aWR0aD0iMSIgaGVpZ2h0PSIxIiB4bWxucz0iaHR0cDovL3d3dy53My5vcmcvMjAwMC9zdmciPjwvc3ZnPg==\" \/><\/figure>\n\n\n\n<p>Foto: Reprodu\u00e7\u00e3o<\/p>\n\n\n\n<p>De acordo com Maria do Carmo, o exame \u00e9 doloroso, mas muito necess\u00e1rio, tendo em vista que o c\u00e2ncer, quando detectado de forma inicial, apresenta at\u00e9 95% de chances de cura.<\/p>\n\n\n\n<p>Ela citou que o c\u00e2ncer de mama em 85% dos casos n\u00e3o \u00e9 heredit\u00e1rio e disse que \u00e9 preciso que mulheres que n\u00e3o t\u00eam casos na fam\u00edlia realizem a mamografia anualmente da mesma forma.<\/p>\n\n\n\n<p>\u2013 A mamografia atualmente \u00e9 o \u00fanico exame eficaz para a detec\u00e7\u00e3o do c\u00e2ncer de mama. \u00c9 um exame que v\u00e1rios exames j\u00e1 comprovaram que ele \u00e9 eficaz e diminui a mortalidade por c\u00e2ncer de mama em mulheres de 20% a 30% \u2013 disse, em entrevista \u00e0 R\u00e1dio Caturit\u00e9 FM.<\/p>\n\n\n\n<p>Maria frisou que \u00e9 necess\u00e1rio que a mulher procure sempre um especialista para tirar as d\u00favidas e realizar consultas peri\u00f3dicas. Tamb\u00e9m disse que a mamografia est\u00e1 dispon\u00edvel no servi\u00e7o p\u00fablico de sa\u00fade e que basta que a mulher procure o posto de sa\u00fade para ser encaminhada a realizar o exame.<\/p>\n\n\n\n<p>Segundo a m\u00e9dica, o autoexame n\u00e3o \u00e9 um exame de rastreamento e que apenas a mamografia faz esse papel, reduzindo consideravelmente a mortalidade de mulheres em todo o mundo.<\/p>\n","protected":false},"excerpt":{"rendered":"<p>Nesta quarta-feira (5) \u00e9 comemorado o Dia Nacional da Mamografia, exame que \u00e9 realizado com o intuito de prevenir ou de detectar o c\u00e2ncer de&hellip; <\/p>\n","protected":false},"author":1,"featured_media":71061,"comment_status":"closed","ping_status":"closed","sticky":false,"template":"","format":"standard","meta":{"sfsi_plus_gutenberg_text_before_share":"","sfsi_plus_gutenberg_show_text_before_share":"","sfsi_plus_gutenberg_icon_type":"","sfsi_plus_gutenberg_icon_alignemt":"","sfsi_plus_gutenburg_max_per_row":"","footnotes":""},"categories":[16],"tags":[],"class_list":["post-151780","post","type-post","status-publish","format-standard","has-post-thumbnail","hentry","category-saude"],"_links":{"self":[{"href":"https:\/\/www.caririemacao.com\/1\/wp-json\/wp\/v2\/posts\/151780","targetHints":{"allow":["GET"]}}],"collection":[{"href":"https:\/\/www.caririemacao.com\/1\/wp-json\/wp\/v2\/posts"}],"about":[{"href":"https:\/\/www.caririemacao.com\/1\/wp-json\/wp\/v2\/types\/post"}],"author":[{"embeddable":true,"href":"https:\/\/www.caririemacao.com\/1\/wp-json\/wp\/v2\/users\/1"}],"replies":[{"embeddable":true,"href":"https:\/\/www.caririemacao.com\/1\/wp-json\/wp\/v2\/comments?post=151780"}],"version-history":[{"count":1,"href":"https:\/\/www.caririemacao.com\/1\/wp-json\/wp\/v2\/posts\/151780\/revisions"}],"predecessor-version":[{"id":151781,"href":"https:\/\/www.caririemacao.com\/1\/wp-json\/wp\/v2\/posts\/151780\/revisions\/151781"}],"wp:featuredmedia":[{"embeddable":true,"href":"https:\/\/www.caririemacao.com\/1\/wp-json\/wp\/v2\/media\/71061"}],"wp:attachment":[{"href":"https:\/\/www.caririemacao.com\/1\/wp-json\/wp\/v2\/media?parent=151780"}],"wp:term":[{"taxonomy":"category","embeddable":true,"href":"https:\/\/www.caririemacao.com\/1\/wp-json\/wp\/v2\/categories?post=151780"},{"taxonomy":"post_tag","embeddable":true,"href":"https:\/\/www.caririemacao.com\/1\/wp-json\/wp\/v2\/tags?post=151780"}],"curies":[{"name":"wp","href":"https:\/\/api.w.org\/{rel}","templated":true}]}}