{"id":151782,"date":"2020-02-06T07:50:21","date_gmt":"2020-02-06T10:50:21","guid":{"rendered":"http:\/\/www.caririemacao.com\/1\/?p=151782"},"modified":"2020-02-06T07:50:23","modified_gmt":"2020-02-06T10:50:23","slug":"mpf-investiga-reducao-de-vagas-para-pessoas-com-deficiencia-na-ufpb","status":"publish","type":"post","link":"https:\/\/www.caririemacao.com\/1\/2020\/02\/06\/mpf-investiga-reducao-de-vagas-para-pessoas-com-deficiencia-na-ufpb\/","title":{"rendered":"MPF investiga redu\u00e7\u00e3o de vagas para pessoas com defici\u00eancia na UFPB"},"content":{"rendered":"\n<p>O Minist\u00e9rio P\u00fablico Federal (MPF) investiga den\u00fancia que aponta redu\u00e7\u00e3o no n\u00famero de vagas reservadas para pessoas com defici\u00eancia na Universidade Federal da Para\u00edba (UFPB).<\/p>\n\n\n\n<p>O \u00f3rg\u00e3o instaurou um Inqu\u00e9rito Civil para apurar o caso, segundo Portaria publicada na edi\u00e7\u00e3o desta quinta-feira (6) do Di\u00e1rio Oficial do MPF.<\/p>\n\n\n\n<p>O MPF solicitar\u00e1 \u00e0 UFPB informa\u00e7\u00f5es acerca das den\u00fancias. A portaria foi assinada pelo procurador da Rep\u00fablica, Jos\u00e9 Guilherme Ferraz.<\/p>\n\n\n\n<p>A lei disp\u00f5e que a propor\u00e7\u00e3o de vagas destinadas a portadores de defici\u00eancia ser\u00e1 estabelecida levando em conta o n\u00famero de pessoas nessa situa\u00e7\u00e3o na popula\u00e7\u00e3o da unidade da Federa\u00e7\u00e3o do local de oferta de vagas da institui\u00e7\u00e3o, segundo o \u00faltimo censo da Funda\u00e7\u00e3o Instituto Brasileiro de Geografia e Estat\u00edstica (IBGE).<\/p>\n\n\n\n<p>De acordo com o \u00faltimo Censo IBGE\/2010, o percentual do grupo de pessoas portadoras de defici\u00eancia \u00e9 de 27,77% no Estado da Para\u00edba.<\/p>\n\n\n\n<p>MaisPB<\/p>\n","protected":false},"excerpt":{"rendered":"<p>O Minist\u00e9rio P\u00fablico Federal (MPF) investiga den\u00fancia que aponta redu\u00e7\u00e3o no n\u00famero de vagas reservadas para pessoas com defici\u00eancia na Universidade Federal da Para\u00edba (UFPB).&hellip; <\/p>\n","protected":false},"author":1,"featured_media":151783,"comment_status":"closed","ping_status":"closed","sticky":false,"template":"","format":"standard","meta":{"sfsi_plus_gutenberg_text_before_share":"","sfsi_plus_gutenberg_show_text_before_share":"","sfsi_plus_gutenberg_icon_type":"","sfsi_plus_gutenberg_icon_alignemt":"","sfsi_plus_gutenburg_max_per_row":"","footnotes":""},"categories":[2],"tags":[],"class_list":["post-151782","post","type-post","status-publish","format-standard","has-post-thumbnail","hentry","category-geral"],"_links":{"self":[{"href":"https:\/\/www.caririemacao.com\/1\/wp-json\/wp\/v2\/posts\/151782","targetHints":{"allow":["GET"]}}],"collection":[{"href":"https:\/\/www.caririemacao.com\/1\/wp-json\/wp\/v2\/posts"}],"about":[{"href":"https:\/\/www.caririemacao.com\/1\/wp-json\/wp\/v2\/types\/post"}],"author":[{"embeddable":true,"href":"https:\/\/www.caririemacao.com\/1\/wp-json\/wp\/v2\/users\/1"}],"replies":[{"embeddable":true,"href":"https:\/\/www.caririemacao.com\/1\/wp-json\/wp\/v2\/comments?post=151782"}],"version-history":[{"count":1,"href":"https:\/\/www.caririemacao.com\/1\/wp-json\/wp\/v2\/posts\/151782\/revisions"}],"predecessor-version":[{"id":151784,"href":"https:\/\/www.caririemacao.com\/1\/wp-json\/wp\/v2\/posts\/151782\/revisions\/151784"}],"wp:featuredmedia":[{"embeddable":true,"href":"https:\/\/www.caririemacao.com\/1\/wp-json\/wp\/v2\/media\/151783"}],"wp:attachment":[{"href":"https:\/\/www.caririemacao.com\/1\/wp-json\/wp\/v2\/media?parent=151782"}],"wp:term":[{"taxonomy":"category","embeddable":true,"href":"https:\/\/www.caririemacao.com\/1\/wp-json\/wp\/v2\/categories?post=151782"},{"taxonomy":"post_tag","embeddable":true,"href":"https:\/\/www.caririemacao.com\/1\/wp-json\/wp\/v2\/tags?post=151782"}],"curies":[{"name":"wp","href":"https:\/\/api.w.org\/{rel}","templated":true}]}}