{"id":151786,"date":"2020-02-06T07:52:39","date_gmt":"2020-02-06T10:52:39","guid":{"rendered":"http:\/\/www.caririemacao.com\/1\/?p=151786"},"modified":"2020-02-06T07:52:40","modified_gmt":"2020-02-06T10:52:40","slug":"em-nota-tce-pb-diz-que-confia-na-justica-e-ressalta-colaboracao-com-investigacoes","status":"publish","type":"post","link":"https:\/\/www.caririemacao.com\/1\/2020\/02\/06\/em-nota-tce-pb-diz-que-confia-na-justica-e-ressalta-colaboracao-com-investigacoes\/","title":{"rendered":"Em nota, TCE-PB diz que confia na justi\u00e7a e ressalta colabora\u00e7\u00e3o com investiga\u00e7\u00f5es"},"content":{"rendered":"\n<p>O Tribunal de Contas do Estado da Para\u00edba (TCE-PB) emitiu nota, na noite desta quarta-feira (5), sobre a decis\u00e3o da Corte Especial do Superior Tribunal de Justi\u00e7a (STJ) de manter o afastamento dos conselheiros Nominando Diniz e Arthur Cunha Lima. Eles s\u00e3o investigados na Opera\u00e7\u00e3o Calv\u00e1rio.<\/p>\n\n\n\n<p>O TCE-PB ressalta que, \u201cpor for\u00e7a de decis\u00e3o judicial, n\u00e3o h\u00e1, atualmente, contatos entre a Corte e dois de seus membros, afastados de suas fun\u00e7\u00f5es\u201d e, reafirma a sua confian\u00e7a na justi\u00e7a brasileira e continuar\u00e1 no regular exerc\u00edcio de suas atribui\u00e7\u00f5es, colaborando e cooperando, como sempre, com as institui\u00e7\u00f5es p\u00fablicas brasileiras\u201d.<\/p>\n\n\n\n<p>A Corte Especial do STJ assinalou em sua decis\u00e3o que, \u201ca hip\u00f3tese de que, permanecendo nos cargos, os investigados possam interferir nas apura\u00e7\u00f5es, mediante a destrui\u00e7\u00e3o\/oculta\u00e7\u00e3o de provas, influenciando ou intimidando poss\u00edveis testemunhas com conhecimento dos fatos apurados\u201d.<\/p>\n\n\n\n<p>Os conselheiro foram afastados no ano passado por 120 dias no \u00e2mbito da Opera\u00e7\u00e3o Calv\u00e1rio \u2013 o ju\u00edzo final. As investiga\u00e7\u00f5es apontam que os conselheiros teriam facilitado, em troca do recebimento de pagamentos indevidos, a aprova\u00e7\u00e3o das contas da Cruz Vermelha, que foi uma organiza\u00e7\u00e3o social contratada pela gest\u00e3o do ex-governador Ricardo Coutinho (PSB) para gerir o servi\u00e7o de sa\u00fade na Para\u00edba.<\/p>\n\n\n\n<p>A for\u00e7a-tarefa da Calv\u00e1rio, aponta, por\u00e9m, que foram desviados recursos nos contratos. A fraude \u00e9 estimada em R$ 134 milh\u00f5es.<\/p>\n\n\n\n<p><strong>Leia abaixo a nota completa do Tribunal de Contas do Estado&nbsp;<\/strong><\/p>\n\n\n\n<p><em>O TRIBUNAL DE CONTAS DO ESTADO DA PARA\u00cdBA, EM RAZ\u00c3O DA DIVULGA\u00c7\u00c3O DE DECIS\u00c3O PROFERIDA PELO SUPERIOR TRIBUNAL DE JUSTI\u00c7A, NA TARDE DESTA QUARTA-FEIRA (05), VEM ESCLARECER:<\/em><\/p>\n\n\n\n<p><em>1- INICIALMENTE, CABE RESSALTAR QUE, POR FOR\u00c7A DE DECIS\u00c3O JUDICIAL, N\u00c3O H\u00c1, ATUALMENTE, CONTATOS ENTRE O TCE-PB E DOIS DE SEUS MEMBROS, AFASTADOS DE SUAS FUN\u00c7\u00d5ES;<\/em><\/p>\n\n\n\n<p><em>2- COMO \u00c9 FATO P\u00daBLICO E NOT\u00d3RIO, A DECIS\u00c3O EM COMENTO AINDA SER\u00c1 SUBMETIDA AO CRIVO DO DEVIDO PROCESSO LEGAL, COM AS GARANTIAS DO CONTRADIT\u00d3RIO E DO EXERC\u00cdCIO DA AMPLA DEFESA DOS CITADOS, CONFORME ASSEGURADO PELA CONSTITUI\u00c7\u00c3O FEDERAL DE 1988;<\/em><\/p>\n\n\n\n<p><em>3- POR FIM, A CORTE DE CONTAS REAFIRMA A SUA CONFIAN\u00c7A NA JUSTI\u00c7A BRASILEIRA E CONTINUAR\u00c1 NO REGULAR EXERC\u00cdCIO DE SUAS ATRIBUI\u00c7\u00d5ES, COLABORANDO E COOPERANDO,COMO SEMPRE,COM AS INSTITUI\u00c7\u00d5ES P\u00daBLICAS BRASILEIRAS.<\/em><\/p>\n\n\n\n<p><strong>MaisPB<\/strong><\/p>\n","protected":false},"excerpt":{"rendered":"<p>O Tribunal de Contas do Estado da Para\u00edba (TCE-PB) emitiu nota, na noite desta quarta-feira (5), sobre a decis\u00e3o da Corte Especial do Superior Tribunal&hellip; <\/p>\n","protected":false},"author":1,"featured_media":151787,"comment_status":"closed","ping_status":"closed","sticky":false,"template":"","format":"standard","meta":{"sfsi_plus_gutenberg_text_before_share":"","sfsi_plus_gutenberg_show_text_before_share":"","sfsi_plus_gutenberg_icon_type":"","sfsi_plus_gutenberg_icon_alignemt":"","sfsi_plus_gutenburg_max_per_row":"","footnotes":""},"categories":[2],"tags":[],"class_list":["post-151786","post","type-post","status-publish","format-standard","has-post-thumbnail","hentry","category-geral"],"_links":{"self":[{"href":"https:\/\/www.caririemacao.com\/1\/wp-json\/wp\/v2\/posts\/151786","targetHints":{"allow":["GET"]}}],"collection":[{"href":"https:\/\/www.caririemacao.com\/1\/wp-json\/wp\/v2\/posts"}],"about":[{"href":"https:\/\/www.caririemacao.com\/1\/wp-json\/wp\/v2\/types\/post"}],"author":[{"embeddable":true,"href":"https:\/\/www.caririemacao.com\/1\/wp-json\/wp\/v2\/users\/1"}],"replies":[{"embeddable":true,"href":"https:\/\/www.caririemacao.com\/1\/wp-json\/wp\/v2\/comments?post=151786"}],"version-history":[{"count":1,"href":"https:\/\/www.caririemacao.com\/1\/wp-json\/wp\/v2\/posts\/151786\/revisions"}],"predecessor-version":[{"id":151788,"href":"https:\/\/www.caririemacao.com\/1\/wp-json\/wp\/v2\/posts\/151786\/revisions\/151788"}],"wp:featuredmedia":[{"embeddable":true,"href":"https:\/\/www.caririemacao.com\/1\/wp-json\/wp\/v2\/media\/151787"}],"wp:attachment":[{"href":"https:\/\/www.caririemacao.com\/1\/wp-json\/wp\/v2\/media?parent=151786"}],"wp:term":[{"taxonomy":"category","embeddable":true,"href":"https:\/\/www.caririemacao.com\/1\/wp-json\/wp\/v2\/categories?post=151786"},{"taxonomy":"post_tag","embeddable":true,"href":"https:\/\/www.caririemacao.com\/1\/wp-json\/wp\/v2\/tags?post=151786"}],"curies":[{"name":"wp","href":"https:\/\/api.w.org\/{rel}","templated":true}]}}