{"id":151797,"date":"2020-02-06T08:38:24","date_gmt":"2020-02-06T11:38:24","guid":{"rendered":"http:\/\/www.caririemacao.com\/1\/?p=151797"},"modified":"2020-02-06T08:38:26","modified_gmt":"2020-02-06T11:38:26","slug":"paraiba-forcas-de-seguranca-rejeitam-proposta-do-governo-e-declaram-greve-branca","status":"publish","type":"post","link":"https:\/\/www.caririemacao.com\/1\/2020\/02\/06\/paraiba-forcas-de-seguranca-rejeitam-proposta-do-governo-e-declaram-greve-branca\/","title":{"rendered":"PARA\u00cdBA: For\u00e7as de Seguran\u00e7a rejeitam proposta do Governo e declaram \u201cgreve branca\u201d"},"content":{"rendered":"\n<figure class=\"wp-block-image\"><img decoding=\"async\" data-src=\"http:\/\/deolhonocariri.com.br\/wp-content\/uploads\/2020\/02\/protesto.jpg\" alt=\"\" class=\"wp-image-77536 lazyload\" src=\"data:image\/svg+xml;base64,PHN2ZyB3aWR0aD0iMSIgaGVpZ2h0PSIxIiB4bWxucz0iaHR0cDovL3d3dy53My5vcmcvMjAwMC9zdmciPjwvc3ZnPg==\" \/><\/figure>\n\n\n\n<p>As Pol\u00edcias Civil e Militar e o Corpo de Bombeiros decretaram \u201cgreve branca\u201d imediata na Para\u00edba, ap\u00f3s a categoria n\u00e3o chegar a um acordo com o Governo do Estado sobre o pedido de reajuste nos sal\u00e1rios dos servidores da seguran\u00e7a p\u00fablica. A decis\u00e3o foi tomada ap\u00f3s um protesto que aconteceu na Pra\u00e7a dos Tr\u00eas Poderes, em Jo\u00e3o Pessoa, na tarde desta quarta-feira (5).<\/p>\n\n\n\n<p>A assessoria de comunica\u00e7\u00e3o da Secretaria de Estado de Seguran\u00e7a e da Defesa Social informou que aguarda por um posicionamento oficial para se pronunciar sobre a greve.<\/p>\n\n\n\n<p>Conforme o presidente da Associa\u00e7\u00e3o de Defesa das Prerrogativas dos Delegados de Pol\u00edcia da Para\u00edba (Adepdel), o delegado Steferson Nogueira, a produ\u00e7\u00e3o dos agentes de seguran\u00e7a ser\u00e1 reduzida, mesmo com todo o efetivando trabalhando.<\/p>\n\n\n\n<p>Ainda conforme Sterferson, a Pol\u00edcia Militar deve atender somente a \u201ccasos mais urgentes\u201d e as opera\u00e7\u00f5es policiais ser\u00e3o suspensas.<\/p>\n\n\n\n<p>A proposta apresentada pelo Governo da Para\u00edba foi de incorporar 30% na bolsa desempenho em 60 meses, al\u00e9m de 5% de reajuste em outubro para os ativos e na bolsa desempenho. J\u00e1 a proposta dos policiais e bombeiros era de incorporar 100% na bolsa desempenho em 36 meses e um reajuste de 24% pelos pr\u00f3ximos dois anos.<\/p>\n\n\n\n<p>Os participantes da manifesta\u00e7\u00e3o realizada na tarde desta quarta tamb\u00e9m aprovaram duas paralisa\u00e7\u00f5es de advert\u00eancia, uma de 12h e outra de 24h, que ser\u00e3o realizadas em fevereiro. As datas ainda n\u00e3o foram definidas.<\/p>\n\n\n\n<p>A orienta\u00e7\u00e3o das entidades que representam os profissionais da ativa \u00e9 que eles n\u00e3o fa\u00e7am ades\u00e3o ao servi\u00e7o extra remunerado, nem ao programa de apreens\u00e3o de armas.<\/p>\n\n\n\n<p>A Adepdel n\u00e3o informou se a greve acontece por tempo indeterminado, mas confirmou como outra a\u00e7\u00e3o imediata a realiza\u00e7\u00e3o de um acampamento na Pra\u00e7a dos Tr\u00eas Poderes at\u00e9 que o Governo da Para\u00edba retome a negocia\u00e7\u00e3o.<\/p>\n\n\n\n<p><em>Com G1PB<\/em><\/p>\n","protected":false},"excerpt":{"rendered":"<p>As Pol\u00edcias Civil e Militar e o Corpo de Bombeiros decretaram \u201cgreve branca\u201d imediata na Para\u00edba, ap\u00f3s a categoria n\u00e3o chegar a um acordo com&hellip; <\/p>\n","protected":false},"author":2,"featured_media":151798,"comment_status":"closed","ping_status":"closed","sticky":false,"template":"","format":"standard","meta":{"sfsi_plus_gutenberg_text_before_share":"","sfsi_plus_gutenberg_show_text_before_share":"","sfsi_plus_gutenberg_icon_type":"","sfsi_plus_gutenberg_icon_alignemt":"","sfsi_plus_gutenburg_max_per_row":"","footnotes":""},"categories":[6,50],"tags":[],"class_list":["post-151797","post","type-post","status-publish","format-standard","has-post-thumbnail","hentry","category-cidades","category-destaque"],"_links":{"self":[{"href":"https:\/\/www.caririemacao.com\/1\/wp-json\/wp\/v2\/posts\/151797","targetHints":{"allow":["GET"]}}],"collection":[{"href":"https:\/\/www.caririemacao.com\/1\/wp-json\/wp\/v2\/posts"}],"about":[{"href":"https:\/\/www.caririemacao.com\/1\/wp-json\/wp\/v2\/types\/post"}],"author":[{"embeddable":true,"href":"https:\/\/www.caririemacao.com\/1\/wp-json\/wp\/v2\/users\/2"}],"replies":[{"embeddable":true,"href":"https:\/\/www.caririemacao.com\/1\/wp-json\/wp\/v2\/comments?post=151797"}],"version-history":[{"count":1,"href":"https:\/\/www.caririemacao.com\/1\/wp-json\/wp\/v2\/posts\/151797\/revisions"}],"predecessor-version":[{"id":151799,"href":"https:\/\/www.caririemacao.com\/1\/wp-json\/wp\/v2\/posts\/151797\/revisions\/151799"}],"wp:featuredmedia":[{"embeddable":true,"href":"https:\/\/www.caririemacao.com\/1\/wp-json\/wp\/v2\/media\/151798"}],"wp:attachment":[{"href":"https:\/\/www.caririemacao.com\/1\/wp-json\/wp\/v2\/media?parent=151797"}],"wp:term":[{"taxonomy":"category","embeddable":true,"href":"https:\/\/www.caririemacao.com\/1\/wp-json\/wp\/v2\/categories?post=151797"},{"taxonomy":"post_tag","embeddable":true,"href":"https:\/\/www.caririemacao.com\/1\/wp-json\/wp\/v2\/tags?post=151797"}],"curies":[{"name":"wp","href":"https:\/\/api.w.org\/{rel}","templated":true}]}}