{"id":151800,"date":"2020-02-06T09:02:21","date_gmt":"2020-02-06T12:02:21","guid":{"rendered":"http:\/\/www.caririemacao.com\/1\/?p=151800"},"modified":"2020-02-06T10:16:03","modified_gmt":"2020-02-06T13:16:03","slug":"sao-joao-do-tigre-jornada-pedagogica-e-realizada-e-prefeito-celio-anuncia-reajuste-salarial-para-os-professores","status":"publish","type":"post","link":"https:\/\/www.caririemacao.com\/1\/2020\/02\/06\/sao-joao-do-tigre-jornada-pedagogica-e-realizada-e-prefeito-celio-anuncia-reajuste-salarial-para-os-professores\/","title":{"rendered":"S\u00e3o Jo\u00e3o do Tigre: Jornada Pedag\u00f3gica \u00e9 realizada, e prefeito C\u00e9lio anuncia reajuste salarial para os professores"},"content":{"rendered":"\n<p>Na tarde desta quarta-feira, 05, foi realizado na cidade de S\u00e3o Jo\u00e3o do Tigre o 1\u00ba Encontro Pedag\u00f3gico, uma parceira entre a prefeitura e a secretaria municipal de educa\u00e7\u00e3o.  <br>Na programa\u00e7\u00e3o do evento houve uma palestra sobre \u201cAutoconhecimento e intelig\u00eancia emocional\u201d. Houve tamb\u00e9m entrega de brindes para os professores e equipe da rede de educa\u00e7\u00e3o, entre outros momentos positivos.<br>A abertura foi realizada por alunos da rede municipal do programa NOVO MAIS EDUCA\u00c7\u00c3O com apresenta\u00e7\u00f5es musicais junto com os monitores Jonas Oliveira e Laudivam Freitas.<br>De acordo com a secretaria de educa\u00e7\u00e3o Cristiane Costa, foi uma tarde bastante agrad\u00e1vel para iniciar muito bem o ano letivo de 2020.<br>\u201cFiquei muito feliz com este nosso primeiro contato do ano, e tudo foi muito bem organizado, com muito carinho para iniciarmos bem as nossas atividades\u201d, afirmou.<strong><br><\/strong><\/p>\n\n\n\n<p><img decoding=\"async\" width=\"150\" height=\"113\" class=\"wp-image-151805 lazyload\" style=\"--smush-placeholder-width: 150px; --smush-placeholder-aspect-ratio: 150\/113;width: 150px;\" data-src=\"http:\/\/www.caririemacao.com\/1\/wp-content\/uploads\/2020\/02\/1111-1.jpg\" alt=\"\" src=\"data:image\/svg+xml;base64,PHN2ZyB3aWR0aD0iMSIgaGVpZ2h0PSIxIiB4bWxucz0iaHR0cDovL3d3dy53My5vcmcvMjAwMC9zdmciPjwvc3ZnPg==\"><\/p>\n\n\n\n<p><strong>REAJUSTE SALARIAL<\/strong><br>Na ocasi\u00e3o, o prefeito C\u00e9lio Barbosa tamb\u00e9m esteve presente ao lado do secret\u00e1rio de finan\u00e7as M\u00e1rcio Leite e confirmou a implanta\u00e7\u00e3o e o pagamento do reajuste salarial dos professores de 12,84%, o que deixou a todos, bastante satisfeitos.<\/p>\n\n\n\n<p>Informa\u00e7\u00f5es: F\u00e1bio Brito<\/p>\n","protected":false},"excerpt":{"rendered":"<p>Na tarde desta quarta-feira, 05, foi realizado na cidade de S\u00e3o Jo\u00e3o do Tigre o 1\u00ba Encontro Pedag\u00f3gico, uma parceira entre a prefeitura e a&hellip; <\/p>\n","protected":false},"author":2,"featured_media":151809,"comment_status":"closed","ping_status":"closed","sticky":false,"template":"","format":"standard","meta":{"sfsi_plus_gutenberg_text_before_share":"","sfsi_plus_gutenberg_show_text_before_share":"","sfsi_plus_gutenberg_icon_type":"","sfsi_plus_gutenberg_icon_alignemt":"","sfsi_plus_gutenburg_max_per_row":"","footnotes":""},"categories":[6,50],"tags":[],"class_list":["post-151800","post","type-post","status-publish","format-standard","has-post-thumbnail","hentry","category-cidades","category-destaque"],"_links":{"self":[{"href":"https:\/\/www.caririemacao.com\/1\/wp-json\/wp\/v2\/posts\/151800","targetHints":{"allow":["GET"]}}],"collection":[{"href":"https:\/\/www.caririemacao.com\/1\/wp-json\/wp\/v2\/posts"}],"about":[{"href":"https:\/\/www.caririemacao.com\/1\/wp-json\/wp\/v2\/types\/post"}],"author":[{"embeddable":true,"href":"https:\/\/www.caririemacao.com\/1\/wp-json\/wp\/v2\/users\/2"}],"replies":[{"embeddable":true,"href":"https:\/\/www.caririemacao.com\/1\/wp-json\/wp\/v2\/comments?post=151800"}],"version-history":[{"count":4,"href":"https:\/\/www.caririemacao.com\/1\/wp-json\/wp\/v2\/posts\/151800\/revisions"}],"predecessor-version":[{"id":151807,"href":"https:\/\/www.caririemacao.com\/1\/wp-json\/wp\/v2\/posts\/151800\/revisions\/151807"}],"wp:featuredmedia":[{"embeddable":true,"href":"https:\/\/www.caririemacao.com\/1\/wp-json\/wp\/v2\/media\/151809"}],"wp:attachment":[{"href":"https:\/\/www.caririemacao.com\/1\/wp-json\/wp\/v2\/media?parent=151800"}],"wp:term":[{"taxonomy":"category","embeddable":true,"href":"https:\/\/www.caririemacao.com\/1\/wp-json\/wp\/v2\/categories?post=151800"},{"taxonomy":"post_tag","embeddable":true,"href":"https:\/\/www.caririemacao.com\/1\/wp-json\/wp\/v2\/tags?post=151800"}],"curies":[{"name":"wp","href":"https:\/\/api.w.org\/{rel}","templated":true}]}}