{"id":151811,"date":"2020-02-06T10:26:45","date_gmt":"2020-02-06T13:26:45","guid":{"rendered":"http:\/\/www.caririemacao.com\/1\/?p=151811"},"modified":"2020-02-06T10:26:48","modified_gmt":"2020-02-06T13:26:48","slug":"forcas-de-seguranca-rejeitam-proposta-de-joao-e-declaram-greve-branca-na-pb","status":"publish","type":"post","link":"https:\/\/www.caririemacao.com\/1\/2020\/02\/06\/forcas-de-seguranca-rejeitam-proposta-de-joao-e-declaram-greve-branca-na-pb\/","title":{"rendered":"For\u00e7as de Seguran\u00e7a rejeitam proposta de Jo\u00e3o e declaram \u201cgreve branca\u201d na PB"},"content":{"rendered":"\n<p>Integrantes das For\u00e7as de Seguran\u00e7a rejeitaram, nesta ter\u00e7a-feira (5), proposta do governador Jo\u00e3o Azev\u00eado (Cidadania) de 30% na incorpora\u00e7\u00e3o da bolsa desempenho e mais 5% da bolsa em outubro e mantiveram o indicativo de greve na Para\u00edba.<\/p>\n\n\n\n<p>A decis\u00e3o ocorreu durante assembleia realizada em frente ao Pal\u00e1cio da Reden\u00e7\u00e3o. Ainda esperando acordo com o governo, as categorias optaram por uma \u201cgreve branca\u201d enquanto esperam que suas reivindica\u00e7\u00f5es sejam atendidas. &nbsp;Essa etapas s\u00e3o vig\u00edlia, evitar que os policias aceitem servi\u00e7o extra, duas paralisa\u00e7\u00f5es sendo uma de 12 e outra de 24 horas e, por fim, a greve geral.<\/p>\n\n\n\n<p>\u201cA partir de agora vamos ficar aqui na pra\u00e7a fazendo nossa vig\u00edlia para tentar sensibilizar a sociedade que se junte a n\u00f3s para que a gente possa avan\u00e7ar. No segundo ponto, vamos tratar de uma opera\u00e7\u00e3o padr\u00e3o buscando que cada policial rejeite servi\u00e7o extra. Na terceira etapa faremos paralisa\u00e7\u00e3o de 12, e posteriormente outra de 24 horas. Por \u00faltimo, se n\u00e3o tiver nenhum ajuste, o f\u00f3rum vai decidir que aquelas categorias que t\u00eam condi\u00e7\u00f5es legais entrar\u00e3o em uma greve geral\u201d, disse coronel Francisco, do Clube dos Oficiais da Pol\u00edcia Militar.<\/p>\n\n\n\n<p>Para Antonio Erivaldo, presidente do Sindicato de Servidores da Policia Civil, a proposta oferecida pelo governo \u00e9 inaceit\u00e1vel.<\/p>\n\n\n\n<p>\u201cAs entidades da Seguran\u00e7a P\u00fablica da Para\u00edba est\u00e1 com di\u00e1logo aberto desde que o governo n\u00e3o atenda as nossas reivindica\u00e7\u00f5es e apresente a proposta que venha atender a as categorias. Essa proposta \u00e9 inaceit\u00e1vel e a categoria j\u00e1 pode aqui deliberar pela paralisa\u00e7\u00e3o porque n\u00e3o se justifica uma contraproposta nesse estilo. Levamos praticamente oito meses para construir nossa proposta e, lamentavelmente, o governo desconheceu tudo que apresentamos\u201d, destacou.<\/p>\n\n\n\n<p><strong>Veja v\u00eddeo&nbsp;<\/strong><\/p>\n\n\n\n<figure><iframe width=\"590\" height=\"345\" data-src=\"https:\/\/www.youtube.com\/embed\/I-JbpQFohz8?theme=light&amp;autohide=1&amp;showinfo=0;wmode=transparent;border=none;iv_load_policy=1;rel=0\" allowfullscreen=\"\" src=\"data:image\/svg+xml;base64,PHN2ZyB3aWR0aD0iMSIgaGVpZ2h0PSIxIiB4bWxucz0iaHR0cDovL3d3dy53My5vcmcvMjAwMC9zdmciPjwvc3ZnPg==\" class=\"lazyload\" data-load-mode=\"1\"><\/iframe><\/figure>\n\n\n\n<p><strong>Roberto Targino e Cynthia Silva \u2013 MaisPB<\/strong><\/p>\n","protected":false},"excerpt":{"rendered":"<p>Integrantes das For\u00e7as de Seguran\u00e7a rejeitaram, nesta ter\u00e7a-feira (5), proposta do governador Jo\u00e3o Azev\u00eado (Cidadania) de 30% na incorpora\u00e7\u00e3o da bolsa desempenho e mais 5%&hellip; <\/p>\n","protected":false},"author":1,"featured_media":151812,"comment_status":"closed","ping_status":"closed","sticky":false,"template":"","format":"standard","meta":{"sfsi_plus_gutenberg_text_before_share":"","sfsi_plus_gutenberg_show_text_before_share":"","sfsi_plus_gutenberg_icon_type":"","sfsi_plus_gutenberg_icon_alignemt":"","sfsi_plus_gutenburg_max_per_row":"","footnotes":""},"categories":[50,12],"tags":[],"class_list":["post-151811","post","type-post","status-publish","format-standard","has-post-thumbnail","hentry","category-destaque","category-policia"],"_links":{"self":[{"href":"https:\/\/www.caririemacao.com\/1\/wp-json\/wp\/v2\/posts\/151811","targetHints":{"allow":["GET"]}}],"collection":[{"href":"https:\/\/www.caririemacao.com\/1\/wp-json\/wp\/v2\/posts"}],"about":[{"href":"https:\/\/www.caririemacao.com\/1\/wp-json\/wp\/v2\/types\/post"}],"author":[{"embeddable":true,"href":"https:\/\/www.caririemacao.com\/1\/wp-json\/wp\/v2\/users\/1"}],"replies":[{"embeddable":true,"href":"https:\/\/www.caririemacao.com\/1\/wp-json\/wp\/v2\/comments?post=151811"}],"version-history":[{"count":1,"href":"https:\/\/www.caririemacao.com\/1\/wp-json\/wp\/v2\/posts\/151811\/revisions"}],"predecessor-version":[{"id":151813,"href":"https:\/\/www.caririemacao.com\/1\/wp-json\/wp\/v2\/posts\/151811\/revisions\/151813"}],"wp:featuredmedia":[{"embeddable":true,"href":"https:\/\/www.caririemacao.com\/1\/wp-json\/wp\/v2\/media\/151812"}],"wp:attachment":[{"href":"https:\/\/www.caririemacao.com\/1\/wp-json\/wp\/v2\/media?parent=151811"}],"wp:term":[{"taxonomy":"category","embeddable":true,"href":"https:\/\/www.caririemacao.com\/1\/wp-json\/wp\/v2\/categories?post=151811"},{"taxonomy":"post_tag","embeddable":true,"href":"https:\/\/www.caririemacao.com\/1\/wp-json\/wp\/v2\/tags?post=151811"}],"curies":[{"name":"wp","href":"https:\/\/api.w.org\/{rel}","templated":true}]}}