{"id":151816,"date":"2020-02-06T10:28:03","date_gmt":"2020-02-06T13:28:03","guid":{"rendered":"http:\/\/www.caririemacao.com\/1\/?p=151816"},"modified":"2020-02-06T10:28:06","modified_gmt":"2020-02-06T13:28:06","slug":"pt-e-psb-discutem-alianca-para-eleicoes-2020","status":"publish","type":"post","link":"https:\/\/www.caririemacao.com\/1\/2020\/02\/06\/pt-e-psb-discutem-alianca-para-eleicoes-2020\/","title":{"rendered":"PT e PSB discutem alian\u00e7a para elei\u00e7\u00f5es 2020"},"content":{"rendered":"\n<p>Os presidentes das executivas nacionais do PT, Gleisi Hoffmann, e do PSB, Carlos Siqueira, se reuniram na manh\u00e3 desta quarta-feira (05) em Bras\u00edlia. Na pauta, as elei\u00e7\u00f5es de 2020.<\/p>\n\n\n\n<p>Questionado pelo&nbsp;<strong>Portal MaisPB<\/strong>&nbsp;sobre o balan\u00e7o do encontro, Siqueira foi enf\u00e1tico. \u201cConversamos sobre todas as capitais e cidades grandes do nosso pa\u00eds\u201d, enfatizou.<\/p>\n\n\n\n<p>Em Jo\u00e3o Pessoa, o Partido dos Trabalhadores chegou a falar publicamente sobre uma alian\u00e7a com socialistas, com foco no apoio a poss\u00edvel candidatura do ex-governador Ricardo Coutinho (PSB) na disputa pela Prefeitura da Capital. Mas, a nacional do PSB trabalha para que o nome do deputado federal Gerv\u00e1sio Maia seja lan\u00e7ado pelo grupo.<\/p>\n\n\n\n<p>Siquera, por\u00e9m, n\u00e3o detalhou se durante o encontro foi firmada alian\u00e7a entre as legendas. \u201cFoi uma conversa inicial, ainda haver\u00e3o v\u00e1rias outras\u201d, enfatizou.<\/p>\n\n\n\n<p><strong>Wallison Bezerra \u2013 MaisPB<\/strong><\/p>\n","protected":false},"excerpt":{"rendered":"<p>Os presidentes das executivas nacionais do PT, Gleisi Hoffmann, e do PSB, Carlos Siqueira, se reuniram na manh\u00e3 desta quarta-feira (05) em Bras\u00edlia. Na pauta,&hellip; <\/p>\n","protected":false},"author":1,"featured_media":151817,"comment_status":"closed","ping_status":"closed","sticky":false,"template":"","format":"standard","meta":{"sfsi_plus_gutenberg_text_before_share":"","sfsi_plus_gutenberg_show_text_before_share":"","sfsi_plus_gutenberg_icon_type":"","sfsi_plus_gutenberg_icon_alignemt":"","sfsi_plus_gutenburg_max_per_row":"","footnotes":""},"categories":[11],"tags":[],"class_list":["post-151816","post","type-post","status-publish","format-standard","has-post-thumbnail","hentry","category-politica"],"_links":{"self":[{"href":"https:\/\/www.caririemacao.com\/1\/wp-json\/wp\/v2\/posts\/151816","targetHints":{"allow":["GET"]}}],"collection":[{"href":"https:\/\/www.caririemacao.com\/1\/wp-json\/wp\/v2\/posts"}],"about":[{"href":"https:\/\/www.caririemacao.com\/1\/wp-json\/wp\/v2\/types\/post"}],"author":[{"embeddable":true,"href":"https:\/\/www.caririemacao.com\/1\/wp-json\/wp\/v2\/users\/1"}],"replies":[{"embeddable":true,"href":"https:\/\/www.caririemacao.com\/1\/wp-json\/wp\/v2\/comments?post=151816"}],"version-history":[{"count":1,"href":"https:\/\/www.caririemacao.com\/1\/wp-json\/wp\/v2\/posts\/151816\/revisions"}],"predecessor-version":[{"id":151818,"href":"https:\/\/www.caririemacao.com\/1\/wp-json\/wp\/v2\/posts\/151816\/revisions\/151818"}],"wp:featuredmedia":[{"embeddable":true,"href":"https:\/\/www.caririemacao.com\/1\/wp-json\/wp\/v2\/media\/151817"}],"wp:attachment":[{"href":"https:\/\/www.caririemacao.com\/1\/wp-json\/wp\/v2\/media?parent=151816"}],"wp:term":[{"taxonomy":"category","embeddable":true,"href":"https:\/\/www.caririemacao.com\/1\/wp-json\/wp\/v2\/categories?post=151816"},{"taxonomy":"post_tag","embeddable":true,"href":"https:\/\/www.caririemacao.com\/1\/wp-json\/wp\/v2\/tags?post=151816"}],"curies":[{"name":"wp","href":"https:\/\/api.w.org\/{rel}","templated":true}]}}