{"id":151821,"date":"2020-02-06T10:29:10","date_gmt":"2020-02-06T13:29:10","guid":{"rendered":"http:\/\/www.caririemacao.com\/1\/?p=151821"},"modified":"2020-02-06T10:29:12","modified_gmt":"2020-02-06T13:29:12","slug":"homem-e-preso-suspeito-de-matar-a-propria-mae-com-golpe-de-faca-na-paraiba","status":"publish","type":"post","link":"https:\/\/www.caririemacao.com\/1\/2020\/02\/06\/homem-e-preso-suspeito-de-matar-a-propria-mae-com-golpe-de-faca-na-paraiba\/","title":{"rendered":"Homem \u00e9 preso suspeito de matar a pr\u00f3pria m\u00e3e com golpe de faca na Para\u00edba"},"content":{"rendered":"\n<p>Um homem foi preso suspeito de assassinar a pr\u00f3pria m\u00e3e no munic\u00edpio de Pianc\u00f3, na Para\u00edba. O crime aconteceu na tarde desta quarta-feira (5).<\/p>\n\n\n\n<p>O suspeito foi identificado como Evandro Felipe Santiago, de 37 anos. Ele teria usado uma faca para matar a m\u00e3e por volta do meio-dia.<\/p>\n\n\n\n<p>A mulher foi morta dentro da pr\u00f3pria casa com um golpe de faca na regi\u00e3o do peito. Geraldina Evangelista dos Santos tinha 62 anos.<\/p>\n\n\n\n<p>A Pol\u00edcia Militar prendeu Evandro ainda no local e o encaminhou \u00e0 delegacia da regi\u00e3o. A faca tamb\u00e9m foi apreendida.<\/p>\n\n\n\n<p><em>Click PB<\/em><\/p>\n","protected":false},"excerpt":{"rendered":"<p>Um homem foi preso suspeito de assassinar a pr\u00f3pria m\u00e3e no munic\u00edpio de Pianc\u00f3, na Para\u00edba. O crime aconteceu na tarde desta quarta-feira (5). O&hellip; <\/p>\n","protected":false},"author":1,"featured_media":151822,"comment_status":"closed","ping_status":"closed","sticky":false,"template":"","format":"standard","meta":{"sfsi_plus_gutenberg_text_before_share":"","sfsi_plus_gutenberg_show_text_before_share":"","sfsi_plus_gutenberg_icon_type":"","sfsi_plus_gutenberg_icon_alignemt":"","sfsi_plus_gutenburg_max_per_row":"","footnotes":""},"categories":[50,12],"tags":[],"class_list":["post-151821","post","type-post","status-publish","format-standard","has-post-thumbnail","hentry","category-destaque","category-policia"],"_links":{"self":[{"href":"https:\/\/www.caririemacao.com\/1\/wp-json\/wp\/v2\/posts\/151821","targetHints":{"allow":["GET"]}}],"collection":[{"href":"https:\/\/www.caririemacao.com\/1\/wp-json\/wp\/v2\/posts"}],"about":[{"href":"https:\/\/www.caririemacao.com\/1\/wp-json\/wp\/v2\/types\/post"}],"author":[{"embeddable":true,"href":"https:\/\/www.caririemacao.com\/1\/wp-json\/wp\/v2\/users\/1"}],"replies":[{"embeddable":true,"href":"https:\/\/www.caririemacao.com\/1\/wp-json\/wp\/v2\/comments?post=151821"}],"version-history":[{"count":1,"href":"https:\/\/www.caririemacao.com\/1\/wp-json\/wp\/v2\/posts\/151821\/revisions"}],"predecessor-version":[{"id":151823,"href":"https:\/\/www.caririemacao.com\/1\/wp-json\/wp\/v2\/posts\/151821\/revisions\/151823"}],"wp:featuredmedia":[{"embeddable":true,"href":"https:\/\/www.caririemacao.com\/1\/wp-json\/wp\/v2\/media\/151822"}],"wp:attachment":[{"href":"https:\/\/www.caririemacao.com\/1\/wp-json\/wp\/v2\/media?parent=151821"}],"wp:term":[{"taxonomy":"category","embeddable":true,"href":"https:\/\/www.caririemacao.com\/1\/wp-json\/wp\/v2\/categories?post=151821"},{"taxonomy":"post_tag","embeddable":true,"href":"https:\/\/www.caririemacao.com\/1\/wp-json\/wp\/v2\/tags?post=151821"}],"curies":[{"name":"wp","href":"https:\/\/api.w.org\/{rel}","templated":true}]}}