{"id":151828,"date":"2020-02-06T10:33:24","date_gmt":"2020-02-06T13:33:24","guid":{"rendered":"http:\/\/www.caririemacao.com\/1\/?p=151828"},"modified":"2020-02-06T10:33:25","modified_gmt":"2020-02-06T13:33:25","slug":"prefeitura-de-sao-sebastiao-do-umbuzeiro-inicia-jornada-pedagogica-2020","status":"publish","type":"post","link":"https:\/\/www.caririemacao.com\/1\/2020\/02\/06\/prefeitura-de-sao-sebastiao-do-umbuzeiro-inicia-jornada-pedagogica-2020\/","title":{"rendered":"Prefeitura de S\u00e3o Sebasti\u00e3o do Umbuzeiro inicia Jornada Pedag\u00f3gica 2020"},"content":{"rendered":"\n<p>A Prefeitura Municipal de S\u00e3o Sebasti\u00e3o do Umbuzeiro, atrav\u00e9s da Secretaria Municipal de Educa\u00e7\u00e3o, iniciou na noite desta quarta-feira (05) a Jornada Pedag\u00f3gica 2020. Com o tema \u201cResili\u00eancia: Palavra Chave Para a Felicidade, para a Realiza\u00e7\u00e3o Pessoal e Para o Sucesso Profissional\u201d, a jornada re\u00fane professores, coordenadores pedag\u00f3gicos e gestores escolares e estende-se at\u00e9 a pr\u00f3xima sexta-feira (07).<\/p>\n\n\n\n<p>A abertura do evento foi realizada no Audit\u00f3rio da Escola Municipal Pedro Pedrosa Amador, onde os educadores puderam desfrutar de uma palestra enriquecedora com o Padre Marcos Silva Souza. Que abordou o Tema a Resili\u00eancia, que \u00e9 a capacidade de o indiv\u00edduo lidar com problemas, adaptar-se a mudan\u00e7as, superar obst\u00e1culos ou resistir \u00e0 press\u00e3o de situa\u00e7\u00f5es adversas \u2013 choque, estresse, algum tipo de evento traum\u00e1tico, entre outros.<\/p>\n\n\n\n<p>O prefeito Adriano Wolff, participou deste primeiro dia da Jornada Pedag\u00f3gica e conversou com os professores sobre a import\u00e2ncia que cada um tem na constru\u00e7\u00e3o de educa\u00e7\u00e3o p\u00fablica de qualidade no munic\u00edpio de S\u00e3o Sebasti\u00e3o do Umbuzeiro. Ele destacou ainda os avan\u00e7os na educa\u00e7\u00e3o b\u00e1sica, como a melhoria dos \u00edndices medidores da educa\u00e7\u00e3o e o anunciou, o aumento do piso salarial dos professores da rede municipal de ensino, proporcionando melhoria e valorizando todos os profissionais do munic\u00edpio.<\/p>\n\n\n\n<p>Tamb\u00e9m estiveram presentes no evento de abertura a secret\u00e1ria municipal de Educa\u00e7\u00e3o Rosa Almeida, Diretores, professores, Vice-prefeito Chico de Mariano e vereadores.<br><\/p>\n\n\n\n<p>Blog do Didi<\/p>\n","protected":false},"excerpt":{"rendered":"<p>A Prefeitura Municipal de S\u00e3o Sebasti\u00e3o do Umbuzeiro, atrav\u00e9s da Secretaria Municipal de Educa\u00e7\u00e3o, iniciou na noite desta quarta-feira (05) a Jornada Pedag\u00f3gica 2020. Com&hellip; <\/p>\n","protected":false},"author":1,"featured_media":151829,"comment_status":"closed","ping_status":"closed","sticky":false,"template":"","format":"standard","meta":{"sfsi_plus_gutenberg_text_before_share":"","sfsi_plus_gutenberg_show_text_before_share":"","sfsi_plus_gutenberg_icon_type":"","sfsi_plus_gutenberg_icon_alignemt":"","sfsi_plus_gutenburg_max_per_row":"","footnotes":""},"categories":[6],"tags":[],"class_list":["post-151828","post","type-post","status-publish","format-standard","has-post-thumbnail","hentry","category-cidades"],"_links":{"self":[{"href":"https:\/\/www.caririemacao.com\/1\/wp-json\/wp\/v2\/posts\/151828","targetHints":{"allow":["GET"]}}],"collection":[{"href":"https:\/\/www.caririemacao.com\/1\/wp-json\/wp\/v2\/posts"}],"about":[{"href":"https:\/\/www.caririemacao.com\/1\/wp-json\/wp\/v2\/types\/post"}],"author":[{"embeddable":true,"href":"https:\/\/www.caririemacao.com\/1\/wp-json\/wp\/v2\/users\/1"}],"replies":[{"embeddable":true,"href":"https:\/\/www.caririemacao.com\/1\/wp-json\/wp\/v2\/comments?post=151828"}],"version-history":[{"count":1,"href":"https:\/\/www.caririemacao.com\/1\/wp-json\/wp\/v2\/posts\/151828\/revisions"}],"predecessor-version":[{"id":151830,"href":"https:\/\/www.caririemacao.com\/1\/wp-json\/wp\/v2\/posts\/151828\/revisions\/151830"}],"wp:featuredmedia":[{"embeddable":true,"href":"https:\/\/www.caririemacao.com\/1\/wp-json\/wp\/v2\/media\/151829"}],"wp:attachment":[{"href":"https:\/\/www.caririemacao.com\/1\/wp-json\/wp\/v2\/media?parent=151828"}],"wp:term":[{"taxonomy":"category","embeddable":true,"href":"https:\/\/www.caririemacao.com\/1\/wp-json\/wp\/v2\/categories?post=151828"},{"taxonomy":"post_tag","embeddable":true,"href":"https:\/\/www.caririemacao.com\/1\/wp-json\/wp\/v2\/tags?post=151828"}],"curies":[{"name":"wp","href":"https:\/\/api.w.org\/{rel}","templated":true}]}}