{"id":151831,"date":"2020-02-06T10:35:23","date_gmt":"2020-02-06T13:35:23","guid":{"rendered":"http:\/\/www.caririemacao.com\/1\/?p=151831"},"modified":"2020-02-06T10:35:24","modified_gmt":"2020-02-06T13:35:24","slug":"prefeitura-de-sao-sebastiao-do-umbuzeiro-esta-ampliando-escola-mauro-severiano-com-recursos-proprios-e-realizando-obras-de-saneamento-e-pavimentacao","status":"publish","type":"post","link":"https:\/\/www.caririemacao.com\/1\/2020\/02\/06\/prefeitura-de-sao-sebastiao-do-umbuzeiro-esta-ampliando-escola-mauro-severiano-com-recursos-proprios-e-realizando-obras-de-saneamento-e-pavimentacao\/","title":{"rendered":"Prefeitura de S\u00e3o Sebasti\u00e3o do Umbuzeiro est\u00e1 ampliando Escola Mauro Severiano com recursos pr\u00f3prios e realizando obras de saneamento e pavimenta\u00e7\u00e3o"},"content":{"rendered":"\n<figure class=\"wp-block-image\"><img decoding=\"async\" data-src=\"https:\/\/scontent.fcpv1-1.fna.fbcdn.net\/v\/t1.0-9\/84740710_2531714930287220_2975705470410424320_n.jpg?_nc_cat=103&amp;_nc_ohc=ZRY0lo3bVIwAX-wlCbA&amp;_nc_ht=scontent.fcpv1-1.fna&amp;oh=9658974635588a4cfd468c62c5437e85&amp;oe=5EC74916\" alt=\"A imagem pode conter: casa e atividades ao ar livre\" src=\"data:image\/svg+xml;base64,PHN2ZyB3aWR0aD0iMSIgaGVpZ2h0PSIxIiB4bWxucz0iaHR0cDovL3d3dy53My5vcmcvMjAwMC9zdmciPjwvc3ZnPg==\" class=\"lazyload\" \/><\/figure>\n\n\n\n<p>A gest\u00e3o de S\u00e3o Sebasti\u00e3o do Umbuzeiro continua realizando a\u00e7\u00f5es estruturantes em todas as \u00e1reas do munic\u00edpio, e para isto, o prefeito Adriano Wolff n\u00e3o tem medido esfor\u00e7os.<\/p>\n\n\n\n<p><br>Atualmente, o governo municipal est\u00e1 realizando com recursos pr\u00f3prios, as obras de amplia\u00e7\u00e3o e melhorias da Escola Municipal Mauro Severiano Leite. Nesta amplia\u00e7\u00e3o, est\u00e1 inclu\u00edda a constru\u00e7\u00e3o de uma nova sala de aula.<strong>SANEAMENTO E PAVIMENTA\u00c7\u00c3O<\/strong><\/p>\n\n\n\n<p><br>Ao mesmo tempo, o governo municipal de SS do Umbuzeiro est\u00e1 realizando toda a obra de saneamento da Rua S\u00e1tiro Feitosa e tamb\u00e9m toda a sua aguardada pavimenta\u00e7\u00e3o.<\/p>\n\n\n\n<p><br>Al\u00e9m da S\u00e1tiro Feitosa, outras 11 ruas estar\u00e3o sendo pavimentadas com recursos vindos de uma emenda que o prefeito Adriano Wolff conseguiu junto ao Deputado Federal Efraim Filho.<\/p>\n\n\n\n<p><br>\u201cN\u00e3o paramos um minuto sequer de planejar, buscar e realizar as a\u00e7\u00f5es estruturantes que S\u00e3o Sebasti\u00e3o do Umbuzeiro sempre precisou, e muito mais ainda est\u00e1 por vir\u201d, afirmou o gestor.<\/p>\n\n\n\n<p><br><strong>F\u00c1BIO BRITO<\/strong><\/p>\n","protected":false},"excerpt":{"rendered":"<p>A gest\u00e3o de S\u00e3o Sebasti\u00e3o do Umbuzeiro continua realizando a\u00e7\u00f5es estruturantes em todas as \u00e1reas do munic\u00edpio, e para isto, o prefeito Adriano Wolff n\u00e3o&hellip; <\/p>\n","protected":false},"author":1,"featured_media":151832,"comment_status":"closed","ping_status":"closed","sticky":false,"template":"","format":"standard","meta":{"sfsi_plus_gutenberg_text_before_share":"","sfsi_plus_gutenberg_show_text_before_share":"","sfsi_plus_gutenberg_icon_type":"","sfsi_plus_gutenberg_icon_alignemt":"","sfsi_plus_gutenburg_max_per_row":"","footnotes":""},"categories":[6],"tags":[],"class_list":["post-151831","post","type-post","status-publish","format-standard","has-post-thumbnail","hentry","category-cidades"],"_links":{"self":[{"href":"https:\/\/www.caririemacao.com\/1\/wp-json\/wp\/v2\/posts\/151831","targetHints":{"allow":["GET"]}}],"collection":[{"href":"https:\/\/www.caririemacao.com\/1\/wp-json\/wp\/v2\/posts"}],"about":[{"href":"https:\/\/www.caririemacao.com\/1\/wp-json\/wp\/v2\/types\/post"}],"author":[{"embeddable":true,"href":"https:\/\/www.caririemacao.com\/1\/wp-json\/wp\/v2\/users\/1"}],"replies":[{"embeddable":true,"href":"https:\/\/www.caririemacao.com\/1\/wp-json\/wp\/v2\/comments?post=151831"}],"version-history":[{"count":1,"href":"https:\/\/www.caririemacao.com\/1\/wp-json\/wp\/v2\/posts\/151831\/revisions"}],"predecessor-version":[{"id":151834,"href":"https:\/\/www.caririemacao.com\/1\/wp-json\/wp\/v2\/posts\/151831\/revisions\/151834"}],"wp:featuredmedia":[{"embeddable":true,"href":"https:\/\/www.caririemacao.com\/1\/wp-json\/wp\/v2\/media\/151832"}],"wp:attachment":[{"href":"https:\/\/www.caririemacao.com\/1\/wp-json\/wp\/v2\/media?parent=151831"}],"wp:term":[{"taxonomy":"category","embeddable":true,"href":"https:\/\/www.caririemacao.com\/1\/wp-json\/wp\/v2\/categories?post=151831"},{"taxonomy":"post_tag","embeddable":true,"href":"https:\/\/www.caririemacao.com\/1\/wp-json\/wp\/v2\/tags?post=151831"}],"curies":[{"name":"wp","href":"https:\/\/api.w.org\/{rel}","templated":true}]}}