{"id":151836,"date":"2020-02-06T10:37:17","date_gmt":"2020-02-06T13:37:17","guid":{"rendered":"http:\/\/www.caririemacao.com\/1\/?p=151836"},"modified":"2020-02-06T10:37:19","modified_gmt":"2020-02-06T13:37:19","slug":"senado-aprova-lei-com-medidas-de-contencao-do-coronavirus-no-brasil","status":"publish","type":"post","link":"https:\/\/www.caririemacao.com\/1\/2020\/02\/06\/senado-aprova-lei-com-medidas-de-contencao-do-coronavirus-no-brasil\/","title":{"rendered":"Senado aprova lei com medidas de conten\u00e7\u00e3o do coronav\u00edrus no Brasil"},"content":{"rendered":"\n<p>O Senado aprovou, o projeto de lei (PL 23\/2020) que estabelece regras e medidas para controle, no territ\u00f3rio brasileiro, da epidemia do coronav\u00edrus.\u00a0A mat\u00e9ria foi aprovada ontem (4) \u00e0 noite na C\u00e2mara dos Deputados\u00a0e seguiu para a aprecia\u00e7\u00e3o dos senadores. O texto segue para a san\u00e7\u00e3o presidencial.<\/p>\n\n\n\n<p>O tr\u00e2mite foi r\u00e1pido. Assim que chegou no Congresso, na tarde de hoje (5), o presidente do Senado, Davi Alcolumbre, anunciou que designaria como relator um senador da \u00e1rea m\u00e9dica, acrescentando que era uma \u201cmat\u00e9ria vencida\u201d, ou seja, n\u00e3o haveria pol\u00eamica ou dificuldades em sua aprova\u00e7\u00e3o. A vota\u00e7\u00e3o ocorreu de forma simb\u00f3lica, sem registro no painel.<\/p>\n\n\n\n<p>O projeto aprovado prev\u00ea, entre outros pontos, o isolamento para portadores do v\u00edrus ou quarentena para os que tiverem suspeitas de contamina\u00e7\u00e3o. Os cidad\u00e3os isolados ter\u00e3o tratamento gratuito e o direito de serem informados permanentemente sobre seu estado de sa\u00fade. O projeto prev\u00ea ainda o fechamento de fronteiras, portos e aeroportos para entrada e sa\u00edda do pa\u00eds e a autoriza\u00e7\u00e3o excepcional e tempor\u00e1ria da entrada de produtos sem registro na Ag\u00eancia Nacional de Vigil\u00e2ncia Sanit\u00e1ria (Anvisa), caso sejam necess\u00e1rios.<\/p>\n\n\n\n<p>A celeridade na vota\u00e7\u00e3o era considerada importante para viabilizar a seguran\u00e7a jur\u00eddica do procedimento de quarentena que o governo brasileiro quer impor aos cidad\u00e3os que apresentarem sintomas da doen\u00e7a.<\/p>\n\n\n\n<h2 class=\"wp-block-heading\">Busca<\/h2>\n\n\n\n<p>Aeronaves da For\u00e7a A\u00e9rea Brasileira (FAB) sa\u00edram hoje\u00a0de Bras\u00edlia para buscar 34 brasileiros que em Wuhan, na China, que requisitaram ser resgatados pelo governo brasileiro. Nenhum cidad\u00e3o brasileiro apresenta sintomas da doen\u00e7a. Eles ser\u00e3o repatriados em duas aeronaves reservas da Presid\u00eancia da Rep\u00fablica. Quem apresentar sintomas compat\u00edveis com o coronav\u00edrus n\u00e3o poder\u00e1 viajar.<\/p>\n\n\n\n<p>Assim que chegarem em territ\u00f3rio brasileiro, essas pessoas passar\u00e3o por uma\u00a0quarentena de 18 dias na cidade de An\u00e1polis (GO), seguindo protocolos e instru\u00e7\u00f5es oficiais visando a seguran\u00e7a de todos envolvidos. Todos os tripulantes do voo, incluindo um cinegrafista da Empresa Brasil de Comunica\u00e7\u00e3o (EBC), tamb\u00e9m passar\u00e3o pela quarentena em An\u00e1polis.<\/p>\n\n\n\n<p>Os primeiros casos de coronav\u00edrus surgiram na cidade de Wuhan, na China. J\u00e1 s\u00e3o 24,6 mil pessoas infectadas, sendo 24,4 mil apenas na China. O total de mortos pela doen\u00e7a chega a 494, com exce\u00e7\u00e3o de uma morte nas Filipinas, todas as demais ocorreram no pa\u00eds asi\u00e1tico.<\/p>\n\n\n\n<p>EBC<\/p>\n","protected":false},"excerpt":{"rendered":"<p>O Senado aprovou, o projeto de lei (PL 23\/2020) que estabelece regras e medidas para controle, no territ\u00f3rio brasileiro, da epidemia do coronav\u00edrus.\u00a0A mat\u00e9ria foi&hellip; <\/p>\n","protected":false},"author":1,"featured_media":151157,"comment_status":"closed","ping_status":"closed","sticky":false,"template":"","format":"standard","meta":{"sfsi_plus_gutenberg_text_before_share":"","sfsi_plus_gutenberg_show_text_before_share":"","sfsi_plus_gutenberg_icon_type":"","sfsi_plus_gutenberg_icon_alignemt":"","sfsi_plus_gutenburg_max_per_row":"","footnotes":""},"categories":[11],"tags":[],"class_list":["post-151836","post","type-post","status-publish","format-standard","has-post-thumbnail","hentry","category-politica"],"_links":{"self":[{"href":"https:\/\/www.caririemacao.com\/1\/wp-json\/wp\/v2\/posts\/151836","targetHints":{"allow":["GET"]}}],"collection":[{"href":"https:\/\/www.caririemacao.com\/1\/wp-json\/wp\/v2\/posts"}],"about":[{"href":"https:\/\/www.caririemacao.com\/1\/wp-json\/wp\/v2\/types\/post"}],"author":[{"embeddable":true,"href":"https:\/\/www.caririemacao.com\/1\/wp-json\/wp\/v2\/users\/1"}],"replies":[{"embeddable":true,"href":"https:\/\/www.caririemacao.com\/1\/wp-json\/wp\/v2\/comments?post=151836"}],"version-history":[{"count":1,"href":"https:\/\/www.caririemacao.com\/1\/wp-json\/wp\/v2\/posts\/151836\/revisions"}],"predecessor-version":[{"id":151838,"href":"https:\/\/www.caririemacao.com\/1\/wp-json\/wp\/v2\/posts\/151836\/revisions\/151838"}],"wp:featuredmedia":[{"embeddable":true,"href":"https:\/\/www.caririemacao.com\/1\/wp-json\/wp\/v2\/media\/151157"}],"wp:attachment":[{"href":"https:\/\/www.caririemacao.com\/1\/wp-json\/wp\/v2\/media?parent=151836"}],"wp:term":[{"taxonomy":"category","embeddable":true,"href":"https:\/\/www.caririemacao.com\/1\/wp-json\/wp\/v2\/categories?post=151836"},{"taxonomy":"post_tag","embeddable":true,"href":"https:\/\/www.caririemacao.com\/1\/wp-json\/wp\/v2\/tags?post=151836"}],"curies":[{"name":"wp","href":"https:\/\/api.w.org\/{rel}","templated":true}]}}