{"id":151844,"date":"2020-02-06T10:42:08","date_gmt":"2020-02-06T13:42:08","guid":{"rendered":"http:\/\/www.caririemacao.com\/1\/?p=151844"},"modified":"2020-02-06T10:42:11","modified_gmt":"2020-02-06T13:42:11","slug":"bolsonaro-e-irresponsavel-ao-propor-icms-zero-sobre-combustiveis-diz-fenafisco","status":"publish","type":"post","link":"https:\/\/www.caririemacao.com\/1\/2020\/02\/06\/bolsonaro-e-irresponsavel-ao-propor-icms-zero-sobre-combustiveis-diz-fenafisco\/","title":{"rendered":"Bolsonaro \u00e9 irrespons\u00e1vel ao propor ICMS zero sobre combust\u00edveis, diz Fenafisco"},"content":{"rendered":"\n<p>O desafio lan\u00e7ado pelo presidente Jair Bolsonaro aos governadores de que eliminar\u00e1 os tributos federais sobre combust\u00edveis se eles zerarem a cobran\u00e7a do ICMS sobre o produto foi duramente criticada pela Federa\u00e7\u00e3o Nacional do Fisco Estadual e Distrital (Fenafisco).<\/p>\n\n\n\n<p>Em nota (veja a \u00edntegra mais abaixo), o presidente da entidade, Charles Alc\u00e2ntara, afirmou que Bolsonaro agiu de maneira irrespons\u00e1vel e inconsequente ao \u201cchantagear publicamente\u201d os governadores. De acordo com ele, zerar a al\u00edquota do ICMS e dos impostos federais sobre os combust\u00edveis aumentar\u00e1 a desigualdade social e a pobreza e reduzir\u00e1 os recursos para \u00e1reas vitais, como saneamento, educa\u00e7\u00e3o, sa\u00fade e seguran\u00e7a.<\/p>\n\n\n\n<p>Na avalia\u00e7\u00e3o dele, Bolsonaro tenta transformar os governadores em algozes da popula\u00e7\u00e3o e proteger os ganhos dos acionistas privados da Petrobras.<\/p>\n\n\n\n<p>Bolsonaro afirmou que zeraria impostos federais sobre os combust\u00edveis se os governadores fizessem o mesmo com o ICMS sobre o produto. \u201cEu zero federal, se eles zerarem o ICMS. Est\u00e1 feito o desafio aqui agora. Eu zero o federal hoje, eles zeram o ICMS. Se topar, eu aceito\u201d, afirmou Bolsonaro a jornalistas.<\/p>\n\n\n\n<p>O presidente vem defendendo nos \u00faltimos meses mudan\u00e7a na cobran\u00e7a do ICMS sobre combust\u00edveis. Segundo Bolsonaro, o tributo \u00e9 respons\u00e1vel pelos pre\u00e7os altos praticados na bomba. Incidem sobre os combust\u00edveis a Cide e o PIS\/Cofins.<\/p>\n\n\n\n<p>Para ele, o ICMS deveria ser cobrado nas refinarias e n\u00e3o no posto de combust\u00edveis. \u201cProblema que estou tendo \u00e9 com combust\u00edvel. Pelo menos a popula\u00e7\u00e3o j\u00e1 come\u00e7ou a ver de quem \u00e9 a responsabilidade. N\u00e3o estou brigando com governador, o que eu quero \u00e9 que o ICMS seja cobrado do combust\u00edvel l\u00e1 na refinaria, e n\u00e3o na bomba. Eu baixei tr\u00eas vezes o combust\u00edvel nos \u00faltimos dias e na bomba n\u00e3o baixou nada\u201d, afirmou Bolsonaro.<\/p>\n\n\n\n<p>Veja abaixo a \u00edntegra da nota do presidente da Fenafisco:<\/p>\n\n\n\n<p><em>A declara\u00e7\u00e3o do presidente Jair Bolsonaro, dada nesta quarta-feira (5), em que se prop\u00f5e a zerar os tributos federais sobre combust\u00edveis se os governadores aceitarem a redu\u00e7\u00e3o do ICMS nos estados, \u00e9 irrespons\u00e1vel e inconsequente. Num momento de agravamento da desigualdade social, aumento da pobreza e redu\u00e7\u00e3o dos recursos para sa\u00fade, educa\u00e7\u00e3o, saneamento e seguran\u00e7a, o que o presidente prop\u00f5e ao pa\u00eds \u00e9 o aumento da mis\u00e9ria e da viol\u00eancia e exclus\u00e3o social.<\/em><\/p>\n\n\n\n<p><em>Al\u00e9m de irrespons\u00e1vel e inconsequente, por seus efeitos catastr\u00f3ficos, a declara\u00e7\u00e3o do presidente constrange e chantageia publicamente os governadores \u2013 exigindo-lhes que ajam como algozes da popula\u00e7\u00e3o \u2013 e funciona, portanto, como escaramu\u00e7a para proteger os ganhos dos acionistas privados da Petrobras.<\/em><\/p>\n\n\n\n<p><em>Charles Alcantara, presidente da Fenafisco (Federa\u00e7\u00e3o Nacional do Fisco Estadual e Distrital)\u201d<\/em><\/p>\n","protected":false},"excerpt":{"rendered":"<p>O desafio lan\u00e7ado pelo presidente Jair Bolsonaro aos governadores de que eliminar\u00e1 os tributos federais sobre combust\u00edveis se eles zerarem a cobran\u00e7a do ICMS sobre&hellip; <\/p>\n","protected":false},"author":1,"featured_media":151765,"comment_status":"closed","ping_status":"closed","sticky":false,"template":"","format":"standard","meta":{"sfsi_plus_gutenberg_text_before_share":"","sfsi_plus_gutenberg_show_text_before_share":"","sfsi_plus_gutenberg_icon_type":"","sfsi_plus_gutenberg_icon_alignemt":"","sfsi_plus_gutenburg_max_per_row":"","footnotes":""},"categories":[11],"tags":[],"class_list":["post-151844","post","type-post","status-publish","format-standard","has-post-thumbnail","hentry","category-politica"],"_links":{"self":[{"href":"https:\/\/www.caririemacao.com\/1\/wp-json\/wp\/v2\/posts\/151844","targetHints":{"allow":["GET"]}}],"collection":[{"href":"https:\/\/www.caririemacao.com\/1\/wp-json\/wp\/v2\/posts"}],"about":[{"href":"https:\/\/www.caririemacao.com\/1\/wp-json\/wp\/v2\/types\/post"}],"author":[{"embeddable":true,"href":"https:\/\/www.caririemacao.com\/1\/wp-json\/wp\/v2\/users\/1"}],"replies":[{"embeddable":true,"href":"https:\/\/www.caririemacao.com\/1\/wp-json\/wp\/v2\/comments?post=151844"}],"version-history":[{"count":1,"href":"https:\/\/www.caririemacao.com\/1\/wp-json\/wp\/v2\/posts\/151844\/revisions"}],"predecessor-version":[{"id":151845,"href":"https:\/\/www.caririemacao.com\/1\/wp-json\/wp\/v2\/posts\/151844\/revisions\/151845"}],"wp:featuredmedia":[{"embeddable":true,"href":"https:\/\/www.caririemacao.com\/1\/wp-json\/wp\/v2\/media\/151765"}],"wp:attachment":[{"href":"https:\/\/www.caririemacao.com\/1\/wp-json\/wp\/v2\/media?parent=151844"}],"wp:term":[{"taxonomy":"category","embeddable":true,"href":"https:\/\/www.caririemacao.com\/1\/wp-json\/wp\/v2\/categories?post=151844"},{"taxonomy":"post_tag","embeddable":true,"href":"https:\/\/www.caririemacao.com\/1\/wp-json\/wp\/v2\/tags?post=151844"}],"curies":[{"name":"wp","href":"https:\/\/api.w.org\/{rel}","templated":true}]}}