{"id":151849,"date":"2020-02-06T10:46:36","date_gmt":"2020-02-06T13:46:36","guid":{"rendered":"http:\/\/www.caririemacao.com\/1\/?p=151849"},"modified":"2020-02-06T10:46:37","modified_gmt":"2020-02-06T13:46:37","slug":"joao-azevedo-reage-a-pedido-de-impeachment-a-quem-acusa-cabe-provar","status":"publish","type":"post","link":"https:\/\/www.caririemacao.com\/1\/2020\/02\/06\/joao-azevedo-reage-a-pedido-de-impeachment-a-quem-acusa-cabe-provar\/","title":{"rendered":"Jo\u00e3o Azev\u00eado reage a pedido de impeachment: \u201cA quem acusa, cabe provar\u201d"},"content":{"rendered":"\n<p>Nesta quarta-feira (5) ocorreu a abertura do ano legislativo na Assembleia Legislativa da Para\u00edba (ALPB) e a sess\u00e3o foi agitada nos bastidores, tendo em vista que a oposi\u00e7\u00e3o conseguiu as doze assinaturas necess\u00e1rias para o&nbsp;pedido de impeachment contra o governador Jo\u00e3o Azev\u00eado (Cidadania)&nbsp;e para a&nbsp;abertura de uma Comiss\u00e3o Parlamentar de Inqu\u00e9rito,&nbsp;que visa investigar o governo do Estado e as Organiza\u00e7\u00f5es Sociais, alvos de investiga\u00e7\u00e3o na Opera\u00e7\u00e3o Calv\u00e1rio.<\/p>\n\n\n\n<p>O governador Jo\u00e3o Azev\u00eado afirmou, durante entrevista coletiva, que est\u00e1 tranquilo e considerou que a Opera\u00e7\u00e3o Calv\u00e1rio existe e deve cumprir com o seu trabalho.<\/p>\n\n\n\n<p>Azev\u00eado frisou que seu foco \u00e9 manter a gest\u00e3o avan\u00e7ando e fazer com que a Para\u00edba cres\u00e7a cada vez mais.<\/p>\n\n\n\n<p>\u201cA Opera\u00e7\u00e3o Calv\u00e1rio tem o seu trajeto e que aconte\u00e7a. Eu n\u00e3o tenho preocupa\u00e7\u00e3o com a Opera\u00e7\u00e3o Calv\u00e1rio. O Estado \u00e9 o que mais gerou emprego no Nordeste que qualquer outro estado, \u00e9 isso que me interessa, \u00e9 fazer com que essa gest\u00e3o continue avan\u00e7ando\u201d, colocou.<\/p>\n\n\n\n<p>Ao ser questionado sobre o trecho da dela\u00e7\u00e3o de Liv\u00e2nia Farias onde ela afirma que ele teria pedido e recebido valores de propina que seriam repassados a familiares dele, Jo\u00e3o declarou que \u201ca quem acusa cabe provar\u201d.\u201cNo dia em que eu for notificado, apresentaremos o que entendemos ser nossa defesa\u201d, frisou<\/p>\n","protected":false},"excerpt":{"rendered":"<p>Nesta quarta-feira (5) ocorreu a abertura do ano legislativo na Assembleia Legislativa da Para\u00edba (ALPB) e a sess\u00e3o foi agitada nos bastidores, tendo em vista&hellip; <\/p>\n","protected":false},"author":1,"featured_media":151777,"comment_status":"closed","ping_status":"closed","sticky":false,"template":"","format":"standard","meta":{"sfsi_plus_gutenberg_text_before_share":"","sfsi_plus_gutenberg_show_text_before_share":"","sfsi_plus_gutenberg_icon_type":"","sfsi_plus_gutenberg_icon_alignemt":"","sfsi_plus_gutenburg_max_per_row":"","footnotes":""},"categories":[11],"tags":[],"class_list":["post-151849","post","type-post","status-publish","format-standard","has-post-thumbnail","hentry","category-politica"],"_links":{"self":[{"href":"https:\/\/www.caririemacao.com\/1\/wp-json\/wp\/v2\/posts\/151849","targetHints":{"allow":["GET"]}}],"collection":[{"href":"https:\/\/www.caririemacao.com\/1\/wp-json\/wp\/v2\/posts"}],"about":[{"href":"https:\/\/www.caririemacao.com\/1\/wp-json\/wp\/v2\/types\/post"}],"author":[{"embeddable":true,"href":"https:\/\/www.caririemacao.com\/1\/wp-json\/wp\/v2\/users\/1"}],"replies":[{"embeddable":true,"href":"https:\/\/www.caririemacao.com\/1\/wp-json\/wp\/v2\/comments?post=151849"}],"version-history":[{"count":1,"href":"https:\/\/www.caririemacao.com\/1\/wp-json\/wp\/v2\/posts\/151849\/revisions"}],"predecessor-version":[{"id":151850,"href":"https:\/\/www.caririemacao.com\/1\/wp-json\/wp\/v2\/posts\/151849\/revisions\/151850"}],"wp:featuredmedia":[{"embeddable":true,"href":"https:\/\/www.caririemacao.com\/1\/wp-json\/wp\/v2\/media\/151777"}],"wp:attachment":[{"href":"https:\/\/www.caririemacao.com\/1\/wp-json\/wp\/v2\/media?parent=151849"}],"wp:term":[{"taxonomy":"category","embeddable":true,"href":"https:\/\/www.caririemacao.com\/1\/wp-json\/wp\/v2\/categories?post=151849"},{"taxonomy":"post_tag","embeddable":true,"href":"https:\/\/www.caririemacao.com\/1\/wp-json\/wp\/v2\/tags?post=151849"}],"curies":[{"name":"wp","href":"https:\/\/api.w.org\/{rel}","templated":true}]}}