{"id":151852,"date":"2020-02-06T10:48:40","date_gmt":"2020-02-06T13:48:40","guid":{"rendered":"http:\/\/www.caririemacao.com\/1\/?p=151852"},"modified":"2020-02-06T10:48:41","modified_gmt":"2020-02-06T13:48:41","slug":"nomeacao-de-chova-para-secretaria-de-agricultura-teve-aval-de-celecileno-e-bero","status":"publish","type":"post","link":"https:\/\/www.caririemacao.com\/1\/2020\/02\/06\/nomeacao-de-chova-para-secretaria-de-agricultura-teve-aval-de-celecileno-e-bero\/","title":{"rendered":"Nomea\u00e7\u00e3o de Ch\u00f4va para secretaria de agricultura teve aval de Celecileno e Bero"},"content":{"rendered":"\n<p>Em contato com a reportagem do BLOG DO F\u00c1BIO BRITO, O vice prefeito de Monteiro Celecileno Alves e o vereador Bero de Bertino desmentiram informa\u00e7\u00f5es divulgadas em um programa de r\u00e1dio ligado ao grupo de oposi\u00e7\u00e3o de Monteiro.<br><\/p>\n\n\n\n<p>Os apresentadores do programa insinuaram que a indica\u00e7\u00e3o do agropecuarista Ch\u00f4va para a secretaria de agricultura confirmada ontem pela prefeita Anna Lorena teria desagradado ao vice prefeito e ao vereador, e que teria sido uma forma de desprestigiar a indica\u00e7\u00e3o feita pelo vice.<\/p>\n\n\n\n<p><br>\u201cA indica\u00e7\u00e3o de Alfredo na \u00e9poca n\u00e3o foi minha, mas teve meu total apoio, assim como a indica\u00e7\u00e3o de Ch\u00f4va tamb\u00e9m teve meu aval, e meu apoio total, pois trabalhamos em total sintonia com a prefeita Lorena\u201d, disse Celecileno.<\/p>\n\n\n\n<p><br>\u201cA ida de Alfredo para o CENDOV supre uma car\u00eancia que havia l\u00e1, e a chegada de Ch\u00f4va \u00e0 agricultura \u00e9 um nome que tem o perfil ideal, e contou com nossa aprova\u00e7\u00e3o total, em consenso, inclusive entre todos os vereadores da base\u201d, completou Bero.<br><\/p>\n\n\n\n<p><strong>DESINFORMA\u00c7\u00c3O<\/strong><br>Outra desinforma\u00e7\u00e3o do programa de r\u00e1dio, \u00e9 apontar o novo secret\u00e1rio como uma pessoa sem perfil, sendo um empres\u00e1rio que ocupar\u00e1 uma pasta no governo.<\/p>\n\n\n\n<p><br>Na verdade, Ch\u00f4va \u00e9 propriet\u00e1rio de terras e criador de animais na zona rural de Monteiro, e possui uma forte liga\u00e7\u00e3o com a agricultura. Ele tamb\u00e9m \u00e9 Presidente da Associa\u00e7\u00e3o dos Vaqueiros de Monteiro, sendo um defensor da classe.<\/p>\n\n\n\n<p><\/p>\n\n\n\n<p>Blog F\u00e1bio Brito <\/p>\n","protected":false},"excerpt":{"rendered":"<p>Em contato com a reportagem do BLOG DO F\u00c1BIO BRITO, O vice prefeito de Monteiro Celecileno Alves e o vereador Bero de Bertino desmentiram informa\u00e7\u00f5es&hellip; <\/p>\n","protected":false},"author":1,"featured_media":151853,"comment_status":"closed","ping_status":"closed","sticky":false,"template":"","format":"standard","meta":{"sfsi_plus_gutenberg_text_before_share":"","sfsi_plus_gutenberg_show_text_before_share":"","sfsi_plus_gutenberg_icon_type":"","sfsi_plus_gutenberg_icon_alignemt":"","sfsi_plus_gutenburg_max_per_row":"","footnotes":""},"categories":[6],"tags":[],"class_list":["post-151852","post","type-post","status-publish","format-standard","has-post-thumbnail","hentry","category-cidades"],"_links":{"self":[{"href":"https:\/\/www.caririemacao.com\/1\/wp-json\/wp\/v2\/posts\/151852","targetHints":{"allow":["GET"]}}],"collection":[{"href":"https:\/\/www.caririemacao.com\/1\/wp-json\/wp\/v2\/posts"}],"about":[{"href":"https:\/\/www.caririemacao.com\/1\/wp-json\/wp\/v2\/types\/post"}],"author":[{"embeddable":true,"href":"https:\/\/www.caririemacao.com\/1\/wp-json\/wp\/v2\/users\/1"}],"replies":[{"embeddable":true,"href":"https:\/\/www.caririemacao.com\/1\/wp-json\/wp\/v2\/comments?post=151852"}],"version-history":[{"count":1,"href":"https:\/\/www.caririemacao.com\/1\/wp-json\/wp\/v2\/posts\/151852\/revisions"}],"predecessor-version":[{"id":151854,"href":"https:\/\/www.caririemacao.com\/1\/wp-json\/wp\/v2\/posts\/151852\/revisions\/151854"}],"wp:featuredmedia":[{"embeddable":true,"href":"https:\/\/www.caririemacao.com\/1\/wp-json\/wp\/v2\/media\/151853"}],"wp:attachment":[{"href":"https:\/\/www.caririemacao.com\/1\/wp-json\/wp\/v2\/media?parent=151852"}],"wp:term":[{"taxonomy":"category","embeddable":true,"href":"https:\/\/www.caririemacao.com\/1\/wp-json\/wp\/v2\/categories?post=151852"},{"taxonomy":"post_tag","embeddable":true,"href":"https:\/\/www.caririemacao.com\/1\/wp-json\/wp\/v2\/tags?post=151852"}],"curies":[{"name":"wp","href":"https:\/\/api.w.org\/{rel}","templated":true}]}}