{"id":151855,"date":"2020-02-06T10:50:43","date_gmt":"2020-02-06T13:50:43","guid":{"rendered":"http:\/\/www.caririemacao.com\/1\/?p=151855"},"modified":"2020-02-06T10:50:44","modified_gmt":"2020-02-06T13:50:44","slug":"com-discurso-afinado-lorena-e-celecileno-indicam-que-chapa-da-reeleicao-ja-esta-definida","status":"publish","type":"post","link":"https:\/\/www.caririemacao.com\/1\/2020\/02\/06\/com-discurso-afinado-lorena-e-celecileno-indicam-que-chapa-da-reeleicao-ja-esta-definida\/","title":{"rendered":"Com discurso afinado, Lorena e Celecileno indicam que chapa da reelei\u00e7\u00e3o j\u00e1 esta definida"},"content":{"rendered":"\n<p>A prefeita Anna Lorena e o Vice prefeito Celecileno Alves deixaram evidenciado em seus discursos nesta quarta feira, 05, em evento de lan\u00e7amento de um pacote de a\u00e7\u00f5es e investimentos para Monteiro, que a chapa majorit\u00e1ria que vai disputar a reelei\u00e7\u00e3o j\u00e1 est\u00e1 definida.<\/p>\n\n\n\n<p><br>Diferente do grupo de oposi\u00e7\u00e3o que continua batendo cabe\u00e7a por n\u00e3o ver seus nomes decolarem, o grupo de Anna Lorena abra\u00e7ou por consenso e apoia em sua totalidade os nomes de Lorena como pr\u00e9-candidata \u00e0 Prefeita e Cel\u00e9 para vice em uma poss\u00edvel chapa a ser definida.<\/p>\n\n\n\n<p><br>Em seu discurso a prefeita agradeceu o auxilio do vice, no momento mais importante de sua vida, o momento de ser m\u00e3e.<\/p>\n\n\n\n<p><br>\u201c\u00c9 um grande companheiro de trabalho, me ajudou em todos os momentos que precisei, e caminha junto comigo neste projeto que \u00e9 um direito leg\u00edtimo nosso. Temos o direito de sermos pr\u00e9-candidatos \u00e0 reelei\u00e7\u00e3o e continuaremos em frente neste sentido\u201d, disse Lorena.<\/p>\n\n\n\n<p><br>\u00c0 reportagem do BLOG DO F\u00c1BIO BRITO, Celecileno reafirmou a tese, e disse que o projeto em nenhum momento fugiu desta meta, diferente do que alguns setores da imprensa desqualificada chegaram a pregar.<\/p>\n\n\n\n<p><br>\u201cSempre caminhamos neste sentido e nunca houve nenhuma mudan\u00e7a de rumo neste processo. O povo reconhece nosso trabalho. Somos muito mais de trabalhar do que falar, e assim iremos continuar\u201d, afirmou Celecileno.<\/p>\n\n\n\n<p><br>Em contato com algumas outras lideran\u00e7as pol\u00edticas presentes ao evento, ouvimos tamb\u00e9m depoimentos de que o nome de Celecileno como pr\u00e9-candidato \u00e0 vice na chapa encabe\u00e7ada por Lorena, j\u00e1 foi escolhido informalmente, por\u00e9m por total aclama\u00e7\u00e3o.<\/p>\n\n\n\n<p><br><strong>F\u00c1BIO BRITO<\/strong><\/p>\n","protected":false},"excerpt":{"rendered":"<p>A prefeita Anna Lorena e o Vice prefeito Celecileno Alves deixaram evidenciado em seus discursos nesta quarta feira, 05, em evento de lan\u00e7amento de um&hellip; <\/p>\n","protected":false},"author":1,"featured_media":108451,"comment_status":"closed","ping_status":"closed","sticky":false,"template":"","format":"standard","meta":{"sfsi_plus_gutenberg_text_before_share":"","sfsi_plus_gutenberg_show_text_before_share":"","sfsi_plus_gutenberg_icon_type":"","sfsi_plus_gutenberg_icon_alignemt":"","sfsi_plus_gutenburg_max_per_row":"","footnotes":""},"categories":[2],"tags":[],"class_list":["post-151855","post","type-post","status-publish","format-standard","has-post-thumbnail","hentry","category-geral"],"_links":{"self":[{"href":"https:\/\/www.caririemacao.com\/1\/wp-json\/wp\/v2\/posts\/151855","targetHints":{"allow":["GET"]}}],"collection":[{"href":"https:\/\/www.caririemacao.com\/1\/wp-json\/wp\/v2\/posts"}],"about":[{"href":"https:\/\/www.caririemacao.com\/1\/wp-json\/wp\/v2\/types\/post"}],"author":[{"embeddable":true,"href":"https:\/\/www.caririemacao.com\/1\/wp-json\/wp\/v2\/users\/1"}],"replies":[{"embeddable":true,"href":"https:\/\/www.caririemacao.com\/1\/wp-json\/wp\/v2\/comments?post=151855"}],"version-history":[{"count":1,"href":"https:\/\/www.caririemacao.com\/1\/wp-json\/wp\/v2\/posts\/151855\/revisions"}],"predecessor-version":[{"id":151857,"href":"https:\/\/www.caririemacao.com\/1\/wp-json\/wp\/v2\/posts\/151855\/revisions\/151857"}],"wp:featuredmedia":[{"embeddable":true,"href":"https:\/\/www.caririemacao.com\/1\/wp-json\/wp\/v2\/media\/108451"}],"wp:attachment":[{"href":"https:\/\/www.caririemacao.com\/1\/wp-json\/wp\/v2\/media?parent=151855"}],"wp:term":[{"taxonomy":"category","embeddable":true,"href":"https:\/\/www.caririemacao.com\/1\/wp-json\/wp\/v2\/categories?post=151855"},{"taxonomy":"post_tag","embeddable":true,"href":"https:\/\/www.caririemacao.com\/1\/wp-json\/wp\/v2\/tags?post=151855"}],"curies":[{"name":"wp","href":"https:\/\/api.w.org\/{rel}","templated":true}]}}