{"id":151858,"date":"2020-02-06T10:52:28","date_gmt":"2020-02-06T13:52:28","guid":{"rendered":"http:\/\/www.caririemacao.com\/1\/?p=151858"},"modified":"2020-02-06T10:52:30","modified_gmt":"2020-02-06T13:52:30","slug":"casa-de-prefeita-paraibana-e-incendiada-e-policia-suspeita-de-acao-criminosa","status":"publish","type":"post","link":"https:\/\/www.caririemacao.com\/1\/2020\/02\/06\/casa-de-prefeita-paraibana-e-incendiada-e-policia-suspeita-de-acao-criminosa\/","title":{"rendered":"Casa de prefeita paraibana \u00e9 incendiada e Pol\u00edcia suspeita de a\u00e7\u00e3o criminosa"},"content":{"rendered":"\n<p>A casa da prefeita de Borborema, Gilene C\u00e2ndido, foi incendiada na madrugada desta quarta-feira (05). A resid\u00eancia fica localizada em uma granja no s\u00edtio Manitu, \u00e0s margens da PB 087.<\/p>\n\n\n\n<p>De acordo com informa\u00e7\u00f5es, o local \u00e9 usado pela prefeita nos finais de semana, onde ela costuma levar a fam\u00edlia. No momento do inc\u00eandio, n\u00e3o havia ningu\u00e9m no local.<\/p>\n\n\n\n<div class=\"wp-block-image\"><figure class=\"aligncenter\"><img decoding=\"async\" data-src=\"http:\/\/deolhonocariri.com.br\/wp-content\/uploads\/2020\/02\/casa1.jpg\" alt=\"\" class=\"wp-image-77560 lazyload\" src=\"data:image\/svg+xml;base64,PHN2ZyB3aWR0aD0iMSIgaGVpZ2h0PSIxIiB4bWxucz0iaHR0cDovL3d3dy53My5vcmcvMjAwMC9zdmciPjwvc3ZnPg==\" \/><\/figure><\/div>\n\n\n\n<p>A Pol\u00edcia foi acionada e acredita que a a\u00e7\u00e3o foi criminosa e n\u00e3o acidental.<\/p>\n\n\n\n<p><em>Click PB<\/em><\/p>\n","protected":false},"excerpt":{"rendered":"<p>A casa da prefeita de Borborema, Gilene C\u00e2ndido, foi incendiada na madrugada desta quarta-feira (05). A resid\u00eancia fica localizada em uma granja no s\u00edtio Manitu,&hellip; <\/p>\n","protected":false},"author":1,"featured_media":151859,"comment_status":"closed","ping_status":"closed","sticky":false,"template":"","format":"standard","meta":{"sfsi_plus_gutenberg_text_before_share":"","sfsi_plus_gutenberg_show_text_before_share":"","sfsi_plus_gutenberg_icon_type":"","sfsi_plus_gutenberg_icon_alignemt":"","sfsi_plus_gutenburg_max_per_row":"","footnotes":""},"categories":[12],"tags":[],"class_list":["post-151858","post","type-post","status-publish","format-standard","has-post-thumbnail","hentry","category-policia"],"_links":{"self":[{"href":"https:\/\/www.caririemacao.com\/1\/wp-json\/wp\/v2\/posts\/151858","targetHints":{"allow":["GET"]}}],"collection":[{"href":"https:\/\/www.caririemacao.com\/1\/wp-json\/wp\/v2\/posts"}],"about":[{"href":"https:\/\/www.caririemacao.com\/1\/wp-json\/wp\/v2\/types\/post"}],"author":[{"embeddable":true,"href":"https:\/\/www.caririemacao.com\/1\/wp-json\/wp\/v2\/users\/1"}],"replies":[{"embeddable":true,"href":"https:\/\/www.caririemacao.com\/1\/wp-json\/wp\/v2\/comments?post=151858"}],"version-history":[{"count":1,"href":"https:\/\/www.caririemacao.com\/1\/wp-json\/wp\/v2\/posts\/151858\/revisions"}],"predecessor-version":[{"id":151860,"href":"https:\/\/www.caririemacao.com\/1\/wp-json\/wp\/v2\/posts\/151858\/revisions\/151860"}],"wp:featuredmedia":[{"embeddable":true,"href":"https:\/\/www.caririemacao.com\/1\/wp-json\/wp\/v2\/media\/151859"}],"wp:attachment":[{"href":"https:\/\/www.caririemacao.com\/1\/wp-json\/wp\/v2\/media?parent=151858"}],"wp:term":[{"taxonomy":"category","embeddable":true,"href":"https:\/\/www.caririemacao.com\/1\/wp-json\/wp\/v2\/categories?post=151858"},{"taxonomy":"post_tag","embeddable":true,"href":"https:\/\/www.caririemacao.com\/1\/wp-json\/wp\/v2\/tags?post=151858"}],"curies":[{"name":"wp","href":"https:\/\/api.w.org\/{rel}","templated":true}]}}