{"id":151862,"date":"2020-02-06T11:05:14","date_gmt":"2020-02-06T14:05:14","guid":{"rendered":"http:\/\/www.caririemacao.com\/1\/?p=151862"},"modified":"2020-02-06T11:05:16","modified_gmt":"2020-02-06T14:05:16","slug":"em-reuniao-com-dnit-bancada-federal-recebe-garantia-de-fim-da-triplicacao-ate-outubro","status":"publish","type":"post","link":"https:\/\/www.caririemacao.com\/1\/2020\/02\/06\/em-reuniao-com-dnit-bancada-federal-recebe-garantia-de-fim-da-triplicacao-ate-outubro\/","title":{"rendered":"Em reuni\u00e3o com DNIT, bancada federal recebe garantia de fim da triplica\u00e7\u00e3o at\u00e9 outubro"},"content":{"rendered":"\n<p>A bancada federal da Para\u00edba se reuniu nessa quarta-feira (6) com o diretor do Departamento Nacional de Infraestrutura e Transportes (DNIT), general Ant\u00f4nio Leite dos Santos Filho, para tratar sobre o destravamento das obras de triplica\u00e7\u00e3o da BR-230. A bancada assinou of\u00edcio de suplementa\u00e7\u00e3o de 15 milh\u00f5es para retomada das obras enquanto o DNIT busca a solu\u00e7\u00e3o definitiva do projeto.<\/p>\n\n\n\n<p>Os parlamentares pediram esclarecimentos sobre a paralisa\u00e7\u00e3o das obras e pediram urg\u00eancia na resolu\u00e7\u00e3o tendo em vista a import\u00e2ncia da BR-230 para a popula\u00e7\u00e3o paraibana.<\/p>\n\n\n\n<p>O diretor do DNIT se comprometeu, como representante do \u00f3rg\u00e3o e respons\u00e1vel pela obra, concluir os servi\u00e7os da triplica\u00e7\u00e3o em Cabedelo at\u00e9 o final de outubro deste ano.<\/p>\n\n\n\n<p>Contudo, mesmo com a suplementa\u00e7\u00e3o de recursos por parte da bancada, o DNIT ter\u00e1 que resolver a conclus\u00e3o da obra em 250 milh\u00f5es. O diretor disse que, por sugest\u00e3o da bancada federal, vai analisar a possibilidade de o Ex\u00e9rcito executar parte das obras enquanto prepara abertura de licita\u00e7\u00e3o para contrata\u00e7\u00e3o de novas empresas.<\/p>\n\n\n\n<p><em>Para\u00edba J\u00e1<\/em><\/p>\n","protected":false},"excerpt":{"rendered":"<p>A bancada federal da Para\u00edba se reuniu nessa quarta-feira (6) com o diretor do Departamento Nacional de Infraestrutura e Transportes (DNIT), general Ant\u00f4nio Leite dos&hellip; <\/p>\n","protected":false},"author":1,"featured_media":151865,"comment_status":"closed","ping_status":"closed","sticky":false,"template":"","format":"standard","meta":{"sfsi_plus_gutenberg_text_before_share":"","sfsi_plus_gutenberg_show_text_before_share":"","sfsi_plus_gutenberg_icon_type":"","sfsi_plus_gutenberg_icon_alignemt":"","sfsi_plus_gutenburg_max_per_row":"","footnotes":""},"categories":[11],"tags":[],"class_list":["post-151862","post","type-post","status-publish","format-standard","has-post-thumbnail","hentry","category-politica"],"_links":{"self":[{"href":"https:\/\/www.caririemacao.com\/1\/wp-json\/wp\/v2\/posts\/151862","targetHints":{"allow":["GET"]}}],"collection":[{"href":"https:\/\/www.caririemacao.com\/1\/wp-json\/wp\/v2\/posts"}],"about":[{"href":"https:\/\/www.caririemacao.com\/1\/wp-json\/wp\/v2\/types\/post"}],"author":[{"embeddable":true,"href":"https:\/\/www.caririemacao.com\/1\/wp-json\/wp\/v2\/users\/1"}],"replies":[{"embeddable":true,"href":"https:\/\/www.caririemacao.com\/1\/wp-json\/wp\/v2\/comments?post=151862"}],"version-history":[{"count":1,"href":"https:\/\/www.caririemacao.com\/1\/wp-json\/wp\/v2\/posts\/151862\/revisions"}],"predecessor-version":[{"id":151866,"href":"https:\/\/www.caririemacao.com\/1\/wp-json\/wp\/v2\/posts\/151862\/revisions\/151866"}],"wp:featuredmedia":[{"embeddable":true,"href":"https:\/\/www.caririemacao.com\/1\/wp-json\/wp\/v2\/media\/151865"}],"wp:attachment":[{"href":"https:\/\/www.caririemacao.com\/1\/wp-json\/wp\/v2\/media?parent=151862"}],"wp:term":[{"taxonomy":"category","embeddable":true,"href":"https:\/\/www.caririemacao.com\/1\/wp-json\/wp\/v2\/categories?post=151862"},{"taxonomy":"post_tag","embeddable":true,"href":"https:\/\/www.caririemacao.com\/1\/wp-json\/wp\/v2\/tags?post=151862"}],"curies":[{"name":"wp","href":"https:\/\/api.w.org\/{rel}","templated":true}]}}