{"id":151867,"date":"2020-02-06T12:17:31","date_gmt":"2020-02-06T15:17:31","guid":{"rendered":"http:\/\/www.caririemacao.com\/1\/?p=151867"},"modified":"2020-02-06T12:17:33","modified_gmt":"2020-02-06T15:17:33","slug":"monteiro-sediara-1-encontro-de-direito-eleitoral-do-cariri-paraibano","status":"publish","type":"post","link":"https:\/\/www.caririemacao.com\/1\/2020\/02\/06\/monteiro-sediara-1-encontro-de-direito-eleitoral-do-cariri-paraibano\/","title":{"rendered":"Monteiro sediar\u00e1 1\u00b0 Encontro de Direito Eleitoral do Cariri paraibano"},"content":{"rendered":"\n<p>O munic\u00edpio de Monteiro sediar\u00e1 no dia (05) de mar\u00e7o, o 1\u00b0 Encontro de Direito Eleitoral do Cariri, com o tema: Elei\u00e7\u00f5es 2020: Altera\u00e7\u00f5es e Perspectivas. O evento ter\u00e1 in\u00edcio as 9hs, no Plen\u00e1rio da C\u00e2mara Municipal de Monteiro.<\/p>\n\n\n\n<p>Os palestrantes confirmados s\u00e3o: Andr\u00e9 Motta de Almeida, Eduardo Henrique Farias da Costa, Harrison Targino e Marcelo Weick, renomados especialistas no Direito Eleitoral.<\/p>\n\n\n\n<p>O idealizador do evento, o advogado Emerson Vasconcelos, informou que o evento \u00e9 aberto ao p\u00fablico, em especial aos advogados, operadores do Direito, pol\u00edticos e pr\u00e9-candidatos, j\u00e1 que tratar\u00e1 principalmente sobre as altera\u00e7\u00f5es para as elei\u00e7\u00f5es municipais de outubro.<\/p>\n\n\n\n<p><strong>Servi\u00e7o:<\/strong><br>Data: 5 de Mar\u00e7o<br>Hora: 09h<br>Local: Plen\u00e1rio da C\u00e2mara Municipal de Monteiro<br>Informa\u00e7\u00f5es&nbsp;<a href=\"tel:(83) 99985.5086\">(83) 99985.5086<\/a><\/p>\n\n\n\n<p><strong>Sobre os Palestrantes:<\/strong><\/p>\n\n\n\n<p><strong>\u2013 Andr\u00e9 Motta de Almeida:<\/strong>&nbsp;advogado e mestre em Ci\u00eancia Pol\u00edtica.<\/p>\n\n\n\n<p><strong>\u2013 Eduardo Henrique de Farias Costa:<\/strong>Advogado com foco de atua\u00e7\u00e3o nas \u00e1reas do Direito Eleitoral e Direito P\u00fablico, p\u00f3s-graduado em Direito e Processo Eleitoral pela Universidade Potiguar e Vice-presidente do Instituto de Direito Eleitoral da Para\u00edba \u2013 IDEL\/PB<\/p>\n\n\n\n<p><strong>\u2013 Harrison Targino:<\/strong>&nbsp;Advogado desde 1988, Professor de gera\u00e7\u00f5es, exerceu diversos cargos e fun\u00e7\u00f5es, dentre outros: Juiz do Tribunal Regional Eleitoral da Para\u00edba (TRE-PB), Secret\u00e1rio de Educa\u00e7\u00e3o do Estado, Procurador Geral do Estado, Secret\u00e1rio da Administra\u00e7\u00e3o Penitenci\u00e1ria do Estado, e Secret\u00e1rio Estadual da Seguran\u00e7a e da Defesa Social, e atualmente \u00e9 Conselheiro Federal da OAB e Membro da Comiss\u00e3o Nacional de Direito Eleitoral a OAB.<\/p>\n\n\n\n<p><strong>\u2013 Marcelo Weick:<\/strong>&nbsp;Advogado, Professor, Doutor em Direito pela UERJ, Mestre em Direito pela UFRN, P\u00f3s-Doutorado (Santiago de Compostela). Coordenador Geral Nacional da Academia Brasileira de Direito Eleitoral \u2013 ABRADEP. Integra tamb\u00e9m o Instituto de Direito Eleitoral da Para\u00edba \u2013 IDEL\/PB e o Instituto Brasileiro de Direito Eleitoral \u2013 IBRADE.<\/p>\n\n\n\n<p>Com CARIRI LIGADO<\/p>\n","protected":false},"excerpt":{"rendered":"<p>O munic\u00edpio de Monteiro sediar\u00e1 no dia (05) de mar\u00e7o, o 1\u00b0 Encontro de Direito Eleitoral do Cariri, com o tema: Elei\u00e7\u00f5es 2020: Altera\u00e7\u00f5es e&hellip; <\/p>\n","protected":false},"author":1,"featured_media":151868,"comment_status":"closed","ping_status":"closed","sticky":false,"template":"","format":"standard","meta":{"sfsi_plus_gutenberg_text_before_share":"","sfsi_plus_gutenberg_show_text_before_share":"","sfsi_plus_gutenberg_icon_type":"","sfsi_plus_gutenberg_icon_alignemt":"","sfsi_plus_gutenburg_max_per_row":"","footnotes":""},"categories":[11],"tags":[],"class_list":["post-151867","post","type-post","status-publish","format-standard","has-post-thumbnail","hentry","category-politica"],"_links":{"self":[{"href":"https:\/\/www.caririemacao.com\/1\/wp-json\/wp\/v2\/posts\/151867","targetHints":{"allow":["GET"]}}],"collection":[{"href":"https:\/\/www.caririemacao.com\/1\/wp-json\/wp\/v2\/posts"}],"about":[{"href":"https:\/\/www.caririemacao.com\/1\/wp-json\/wp\/v2\/types\/post"}],"author":[{"embeddable":true,"href":"https:\/\/www.caririemacao.com\/1\/wp-json\/wp\/v2\/users\/1"}],"replies":[{"embeddable":true,"href":"https:\/\/www.caririemacao.com\/1\/wp-json\/wp\/v2\/comments?post=151867"}],"version-history":[{"count":1,"href":"https:\/\/www.caririemacao.com\/1\/wp-json\/wp\/v2\/posts\/151867\/revisions"}],"predecessor-version":[{"id":151869,"href":"https:\/\/www.caririemacao.com\/1\/wp-json\/wp\/v2\/posts\/151867\/revisions\/151869"}],"wp:featuredmedia":[{"embeddable":true,"href":"https:\/\/www.caririemacao.com\/1\/wp-json\/wp\/v2\/media\/151868"}],"wp:attachment":[{"href":"https:\/\/www.caririemacao.com\/1\/wp-json\/wp\/v2\/media?parent=151867"}],"wp:term":[{"taxonomy":"category","embeddable":true,"href":"https:\/\/www.caririemacao.com\/1\/wp-json\/wp\/v2\/categories?post=151867"},{"taxonomy":"post_tag","embeddable":true,"href":"https:\/\/www.caririemacao.com\/1\/wp-json\/wp\/v2\/tags?post=151867"}],"curies":[{"name":"wp","href":"https:\/\/api.w.org\/{rel}","templated":true}]}}