{"id":151873,"date":"2020-02-06T14:10:09","date_gmt":"2020-02-06T17:10:09","guid":{"rendered":"http:\/\/www.caririemacao.com\/1\/?p=151873"},"modified":"2020-02-06T14:10:11","modified_gmt":"2020-02-06T17:10:11","slug":"secretaria-de-educacao-de-prata-realiza-capacitacao-com-merendeiras-e-auxiliares-para-inicio-do-ano-letivo","status":"publish","type":"post","link":"https:\/\/www.caririemacao.com\/1\/2020\/02\/06\/secretaria-de-educacao-de-prata-realiza-capacitacao-com-merendeiras-e-auxiliares-para-inicio-do-ano-letivo\/","title":{"rendered":"Secretaria de Educa\u00e7\u00e3o de Prata realiza capacita\u00e7\u00e3o com merendeiras e auxiliares para in\u00edcio do ano letivo"},"content":{"rendered":"\n<p>A merenda escolar se constitui em um dos alicerces do processo de aprendizagem, onde est\u00e3o contidos todos os subs\u00eddios nutricionais que possibilitar\u00e3o melhor rendimento do aluno em sala de aula. <\/p>\n\n\n\n<p>\u00c9 pensando nesse sentido que a Prefeitura Municipal de Prata atrav\u00e9s da Secretaria de Educa\u00e7\u00e3o realizou uma capacita\u00e7\u00e3o voltado para os servi\u00e7os prestados pelas merendeiras e pelo pessoal de apoio. A capacita\u00e7\u00e3o foi realizada na quarta-feira, dia 05 de fevereiro, com a Nutricionista Val\u00e9ria Moraes.<\/p>\n\n\n\n<p>O objetivo da capacita\u00e7\u00e3o foi transmitir informa\u00e7\u00f5es sobre qualidade no atendimento, assim tamb\u00e9m como higiene e manipula\u00e7\u00e3o de alimentos no \u00e2mbito da merenda escolar, com o prop\u00f3sito de melhorar a qualidade da alimenta\u00e7\u00e3o oferecida aos estudantes da rede municipal de ensino.<\/p>\n\n\n\n<p>A nutricionista Val\u00e9ria comentou se sentir \u201chonrada em compartilhar conhecimento e pela maravilhosa troca de experi\u00eancia\u201d. <\/p>\n\n\n\n<p>Ela ainda agradeceu a todos que fazem parte da Secretaria de Educa\u00e7\u00e3o por todo apoio e suporte, afirmando que \u201co interesse por uma alimenta\u00e7\u00e3o de qualidade para os alunos melhora a qualidade de servi\u00e7o prestado, melhorando tamb\u00e9m o desenvolvimento dos alunos na escola\u201d.<\/p>\n","protected":false},"excerpt":{"rendered":"<p>A merenda escolar se constitui em um dos alicerces do processo de aprendizagem, onde est\u00e3o contidos todos os subs\u00eddios nutricionais que possibilitar\u00e3o melhor rendimento do&hellip; <\/p>\n","protected":false},"author":1,"featured_media":151874,"comment_status":"closed","ping_status":"closed","sticky":false,"template":"","format":"standard","meta":{"sfsi_plus_gutenberg_text_before_share":"","sfsi_plus_gutenberg_show_text_before_share":"","sfsi_plus_gutenberg_icon_type":"","sfsi_plus_gutenberg_icon_alignemt":"","sfsi_plus_gutenburg_max_per_row":"","footnotes":""},"categories":[6],"tags":[],"class_list":["post-151873","post","type-post","status-publish","format-standard","has-post-thumbnail","hentry","category-cidades"],"_links":{"self":[{"href":"https:\/\/www.caririemacao.com\/1\/wp-json\/wp\/v2\/posts\/151873","targetHints":{"allow":["GET"]}}],"collection":[{"href":"https:\/\/www.caririemacao.com\/1\/wp-json\/wp\/v2\/posts"}],"about":[{"href":"https:\/\/www.caririemacao.com\/1\/wp-json\/wp\/v2\/types\/post"}],"author":[{"embeddable":true,"href":"https:\/\/www.caririemacao.com\/1\/wp-json\/wp\/v2\/users\/1"}],"replies":[{"embeddable":true,"href":"https:\/\/www.caririemacao.com\/1\/wp-json\/wp\/v2\/comments?post=151873"}],"version-history":[{"count":1,"href":"https:\/\/www.caririemacao.com\/1\/wp-json\/wp\/v2\/posts\/151873\/revisions"}],"predecessor-version":[{"id":151875,"href":"https:\/\/www.caririemacao.com\/1\/wp-json\/wp\/v2\/posts\/151873\/revisions\/151875"}],"wp:featuredmedia":[{"embeddable":true,"href":"https:\/\/www.caririemacao.com\/1\/wp-json\/wp\/v2\/media\/151874"}],"wp:attachment":[{"href":"https:\/\/www.caririemacao.com\/1\/wp-json\/wp\/v2\/media?parent=151873"}],"wp:term":[{"taxonomy":"category","embeddable":true,"href":"https:\/\/www.caririemacao.com\/1\/wp-json\/wp\/v2\/categories?post=151873"},{"taxonomy":"post_tag","embeddable":true,"href":"https:\/\/www.caririemacao.com\/1\/wp-json\/wp\/v2\/tags?post=151873"}],"curies":[{"name":"wp","href":"https:\/\/api.w.org\/{rel}","templated":true}]}}