{"id":151880,"date":"2020-02-06T14:15:41","date_gmt":"2020-02-06T17:15:41","guid":{"rendered":"http:\/\/www.caririemacao.com\/1\/?p=151880"},"modified":"2020-02-06T14:15:43","modified_gmt":"2020-02-06T17:15:43","slug":"dono-de-sitio-de-atibaia-rompe-sociedade-com-filho-de-lula","status":"publish","type":"post","link":"https:\/\/www.caririemacao.com\/1\/2020\/02\/06\/dono-de-sitio-de-atibaia-rompe-sociedade-com-filho-de-lula\/","title":{"rendered":"Dono de s\u00edtio de Atibaia rompe sociedade com filho de Lula"},"content":{"rendered":"\n<p>Depois de 13 anos, o principal s\u00f3cio de F\u00e1bio Lu\u00eds Lula da Silva, filho do ex-presidente Lula, desistiu de integrar uma controversa parceria com a companhia telef\u00f4nica Oi.<\/p>\n\n\n\n<p>O empres\u00e1rio Jonas Suassuna, um dos donos do s\u00edtio de Atibaia (SP) que era frequentado pelo petista, vendeu por R$ 1 milh\u00e3o sua fatia na firma BR4 Participa\u00e7\u00f5es, uma das administradoras da Gamecorp, parcialmente financiada pela tele. A Gamecorp \u00e9 respons\u00e1vel pelo canal PlayTV, de m\u00fasica e jogos.<\/p>\n\n\n\n<p>A retirada de Suassuna ocorre em meio a investiga\u00e7\u00f5es da Lava Jato, embora a articula\u00e7\u00e3o pela sa\u00edda tenha come\u00e7ado antes da deflagra\u00e7\u00e3o da 69\u00aa fase da opera\u00e7\u00e3o, em dezembro, na qual ele e o filho do ex-presidente foram alvos de buscas.<\/p>\n\n\n\n<p>A negocia\u00e7\u00e3o foi publicada pela revista Veja no fim de 2019 e teve detalhes informados \u00e0 Junta Comercial de S\u00e3o Paulo no dia 7 de janeiro. Quem ficou com a parcela de Suassuna na sociedade foi a G4 Entretenimento, firma que pertence a F\u00e1bio Lu\u00eds e aos irm\u00e3os Kalil e Fernando Bittar. Fernando \u00e9 o outro propriet\u00e1rio do im\u00f3vel em Atibaia.<\/p>\n\n\n\n<p>O documento n\u00e3o informa a forma de pagamento da quantia de R$ 1 milh\u00e3o acordada pela venda. Mesmo com a investiga\u00e7\u00e3o em andamento na Lava Jato, n\u00e3o h\u00e1 ordem de bloqueio de bens contra essas firmas.<\/p>\n\n\n\n<p>O advogado de Suassuna, Ary Bergher, diz que \u00e9 uma decis\u00e3o de neg\u00f3cios, de car\u00e1ter pessoal e sem rela\u00e7\u00e3o com as investiga\u00e7\u00f5es da Lava Jato.<\/p>\n\n\n\n<p>A parceria do empres\u00e1rio com o filho do ex-presidente foi abalada nos \u00faltimos anos pelos efeitos da opera\u00e7\u00e3o.<\/p>\n\n\n\n<p>Os dois s\u00f3cios foram alvos em 2016 da 24\u00aa fase, na qual Lula foi levado para depor coercitivamente.<\/p>\n\n\n\n<p>O ex-presidente se tornou r\u00e9u e foi condenado em 2019 por ter se beneficiado de reformas bancadas por empreiteiras no s\u00edtio no interior de S\u00e3o Paulo. Suassuna n\u00e3o foi inclu\u00eddo no processo porque as obras n\u00e3o ocorreram na \u00e1rea do s\u00edtio que pertence a ele.<\/p>\n\n\n\n<p>Paralelamente, a equipe da Lava Jato continuou investigando a origem dos recursos usados pelos s\u00f3cios do filho de Lula para comprar a propriedade. Ao deflagrar a fase em dezembro, a for\u00e7a-tarefa da opera\u00e7\u00e3o mencionou suspeitas de que recursos repassados pela Oi para as empresas de Suassuna, chamadas de grupo Gol (sem rela\u00e7\u00e3o com a companhia a\u00e9rea de mesmo nome), e para a firma de F\u00e1bio Lu\u00eds na verdade eram propina da companhia de telefonia.<\/p>\n\n\n\n<p>Em 2017, a Folha de S.Paulo publicou entrevista de um ex-diretor do grupo Gol, Marco Aur\u00e9lio Vitale, na qual ele afirmou que as empresas de seu ex-empregador foram usadas para repassar dinheiro da tele para o filho do ex-presidente. Os neg\u00f3cios, disse, eram de fachada e fruto de tr\u00e1fico de influ\u00eancia.<\/p>\n\n\n\n<p>Durante a investiga\u00e7\u00e3o, a equipe da Lava Jato rastreou as contas das empresas.<br>S\u00f3 a Gamecorp recebeu da Oi R$ 83 milh\u00f5es, de 2004 a 2016. O conjunto de empresas dos s\u00f3cios, a\u00ed incluindo tamb\u00e9m o grupo Gol, recebeu R$ 132 milh\u00f5es da tele, respons\u00e1vel por mais da metade dos cr\u00e9ditos obtidos por essas empresas.<\/p>\n\n\n\n<p>Nesta quarta-feira (5), a Folha de S.Paulo mostrou que a Oi, que pediu recupera\u00e7\u00e3o judicial em 2016, cobra da Gamecorp S.A. o pagamento de R$ 6,8 milh\u00f5es relativos a antigos empr\u00e9stimos, concedidos pela tele entre 2006 e 2007 e nunca ressarcidos.<\/p>\n\n\n\n<p>Os procuradores da Lava Jato afirmam que, mesmo com Suassuna sendo diretor comercial da Gamecorp, n\u00e3o h\u00e1 registro de transfer\u00eancias banc\u00e1rias da firma para ele de 2005 a 2016. &#8220;Isso denota a confus\u00e3o societ\u00e1ria e patrimonial entre as empresas Gamecorp, do grupo Gol e Jonas Suassuna&#8221;, disse a for\u00e7a-tarefa em documento.<\/p>\n\n\n\n<p>Em depoimento a procuradores da opera\u00e7\u00e3o em 2016, Suassuna disse que entrou no neg\u00f3cio por ter &#8220;um certo fasc\u00ednio de ser dono de televis\u00e3o&#8221;. Contou que tinha experi\u00eancia com o ramo desde os anos 1980, quando trabalhou para a Televisa, do M\u00e9xico, e que foi apresentado ao grupo do filho do ex-presidente por um amigo em comum.<\/p>\n\n\n\n<p>&#8220;[Disseram:] &#8216;A gente t\u00e1 precisando de um cara que tenha essa vis\u00e3o comercial, essa vis\u00e3o de mercado, p\u00f4, voc\u00ea n\u00e3o quer comprar umas a\u00e7\u00f5es da PlayTV, e tal?&#8217;. Eu falei &#8216;cara, deixa eu ver&#8217;. E a\u00ed quando eu vi o pre\u00e7o, um milh\u00e3o e meio ou algo assim, eu falei \u00e9&#8230; &#8216;Eu tenho esse dinheiro&#8217;, d\u00e1 pra fazer sim esse investimento. E entrei na sociedade da PlayTV. Criei uma empresa, chamada Gol M\u00eddia, que foi a empresa que veio a incorporar-se a estrutura societ\u00e1ria da PlayTV.&#8221;<\/p>\n\n\n\n<p>Antes da sociedade, Suassuna havia se tornado conhecido por outro projeto comercial, no qual vendeu CDs com a narra\u00e7\u00e3o da B\u00edblia na voz de Cid Moreira em jornais.<\/p>\n\n\n\n<p>A defesa dele afirma que a apura\u00e7\u00e3o da fase Mapa da Mina se baseia apenas no depoimento do ex-funcion\u00e1rio, que, diz, o persegue. &#8220;N\u00e3o h\u00e1 elemento nenhum, apenas ila\u00e7\u00f5es. A gente entende que existe um abuso de autoridade que ser\u00e1 devidamente corrigido&#8221;, diz Ary Bergher.<\/p>\n\n\n\n<p>A reportagem tamb\u00e9m contatou a defesa de F\u00e1bio Lu\u00eds Lula da Silva, que n\u00e3o comentou especificamente o rompimento com Jonas Suassuna.<\/p>\n\n\n\n<p>Disse que a vida e as atividades de suas empresas foram &#8220;devassadas por anos a fio e nenhuma irregularidade foi encontrada&#8221;. &#8220;Essa nova safra de suspeitas e ila\u00e7\u00f5es vazadas sugere uma estrat\u00e9gia clara da for\u00e7a-tarefa para requentar um caso encerrado.&#8221;<br>A investiga\u00e7\u00e3o sobre a fase Mapa da Mina da Lava Jato ainda n\u00e3o foi conclu\u00edda, e n\u00e3o houve apresenta\u00e7\u00e3o de den\u00fancia (acusa\u00e7\u00e3o formal).<\/p>\n\n\n\n<p>A Oi tem dito que presta todas as informa\u00e7\u00f5es solicitadas \u00e0s autoridades.<\/p>\n\n\n\n<p>&#8220;A Oi reitera que n\u00e3o compactua com nenhuma irregularidade e n\u00e3o tem medido esfor\u00e7os para assegurar que quaisquer a\u00e7\u00f5es que eventualmente possam ter prejudicado a companhia sejam integralmente apuradas&#8221;, disse em nota nesta semana.<\/p>\n","protected":false},"excerpt":{"rendered":"<p>Depois de 13 anos, o principal s\u00f3cio de F\u00e1bio Lu\u00eds Lula da Silva, filho do ex-presidente Lula, desistiu de integrar uma controversa parceria com a&hellip; <\/p>\n","protected":false},"author":1,"featured_media":151881,"comment_status":"closed","ping_status":"closed","sticky":false,"template":"","format":"standard","meta":{"sfsi_plus_gutenberg_text_before_share":"","sfsi_plus_gutenberg_show_text_before_share":"","sfsi_plus_gutenberg_icon_type":"","sfsi_plus_gutenberg_icon_alignemt":"","sfsi_plus_gutenburg_max_per_row":"","footnotes":""},"categories":[2],"tags":[],"class_list":["post-151880","post","type-post","status-publish","format-standard","has-post-thumbnail","hentry","category-geral"],"_links":{"self":[{"href":"https:\/\/www.caririemacao.com\/1\/wp-json\/wp\/v2\/posts\/151880","targetHints":{"allow":["GET"]}}],"collection":[{"href":"https:\/\/www.caririemacao.com\/1\/wp-json\/wp\/v2\/posts"}],"about":[{"href":"https:\/\/www.caririemacao.com\/1\/wp-json\/wp\/v2\/types\/post"}],"author":[{"embeddable":true,"href":"https:\/\/www.caririemacao.com\/1\/wp-json\/wp\/v2\/users\/1"}],"replies":[{"embeddable":true,"href":"https:\/\/www.caririemacao.com\/1\/wp-json\/wp\/v2\/comments?post=151880"}],"version-history":[{"count":1,"href":"https:\/\/www.caririemacao.com\/1\/wp-json\/wp\/v2\/posts\/151880\/revisions"}],"predecessor-version":[{"id":151882,"href":"https:\/\/www.caririemacao.com\/1\/wp-json\/wp\/v2\/posts\/151880\/revisions\/151882"}],"wp:featuredmedia":[{"embeddable":true,"href":"https:\/\/www.caririemacao.com\/1\/wp-json\/wp\/v2\/media\/151881"}],"wp:attachment":[{"href":"https:\/\/www.caririemacao.com\/1\/wp-json\/wp\/v2\/media?parent=151880"}],"wp:term":[{"taxonomy":"category","embeddable":true,"href":"https:\/\/www.caririemacao.com\/1\/wp-json\/wp\/v2\/categories?post=151880"},{"taxonomy":"post_tag","embeddable":true,"href":"https:\/\/www.caririemacao.com\/1\/wp-json\/wp\/v2\/tags?post=151880"}],"curies":[{"name":"wp","href":"https:\/\/api.w.org\/{rel}","templated":true}]}}