{"id":151884,"date":"2020-02-06T14:18:48","date_gmt":"2020-02-06T17:18:48","guid":{"rendered":"http:\/\/www.caririemacao.com\/1\/?p=151884"},"modified":"2020-02-06T14:18:50","modified_gmt":"2020-02-06T17:18:50","slug":"morre-medico-chines-que-tentou-alertar-colegas-sobre-surto-de-coronavirus","status":"publish","type":"post","link":"https:\/\/www.caririemacao.com\/1\/2020\/02\/06\/morre-medico-chines-que-tentou-alertar-colegas-sobre-surto-de-coronavirus\/","title":{"rendered":"Morre m\u00e9dico chin\u00eas que tentou alertar colegas sobre surto de coronav\u00edrus"},"content":{"rendered":"\n<p>A Organiza\u00e7\u00e3o Mundial da Sa\u00fade (OMS) lamentou nesta quinta-feira (06) a morte do m\u00e9dico chin\u00eas Li Wenliang, oftalmologista do Hospital Central de Wuhan, por complica\u00e7\u00f5es respirat\u00f3rias. Ele teria sido um dos primeiros a identificar o novo coronav\u00edrus e alertar as autoridades. Ele foi uma das oito pessoas que a pol\u00edcia investigou sob acusa\u00e7\u00e3o de &#8220;espalhar boatos&#8221;.<\/p>\n\n\n\n<p>Estamos muito tristes com a morte do doutor Li Wenliang&#8221;, disse Mike Ryan, diretor executivo da OMS. &#8220;Precisamos celebrar o trabalho que ele fez no surto de 2019-nCoV.&#8221;<\/p>\n\n\n\n<p>Li trabalhava no mesmo hospital que recebeu, no final do ano passado, sete casos de infec\u00e7\u00e3o por um v\u00edrus com sintomas semelhantes aos do Sars, doen\u00e7a respirat\u00f3ria que matou mais de 700 pessoas no in\u00edcio dos anos 2000.<\/p>\n\n\n\n<p>Segundo a rede brit\u00e2nica BBC, em 30 de dezembro, o m\u00e9dico teria enviado uma mensagem para colegas m\u00e9dicos em uma conversa em grupo privado com um alerta sobre o poss\u00edvel surto e com recomenda\u00e7\u00f5es sobre o uso de equipamentos de seguran\u00e7a para evitar a infec\u00e7\u00e3o.<\/p>\n\n\n\n<p>No fim de janeiro, o m\u00e9dico publicou em uma rede social chinesa um pedido de desculpas do governo chin\u00eas, que admitiu falha na resposta \u00e0 epidemia do novo coronav\u00edrus.<\/p>\n\n\n\n<p><strong>Infectado durante consulta<\/strong><\/p>\n\n\n\n<p>No in\u00edcio do m\u00eas passado, Li entrou em contato com o 2019-n-CoV, enquanto tratava uma paciente infectada. Ele contou, em seu perfil de uma rede social, que em 10 de janeiro come\u00e7ou a tossir, no dia seguinte passou a ter febre e, dois dias depois, foi para o hospital. Seus pais tamb\u00e9m ficaram doentes e foram internados.<\/p>\n\n\n\n<p>Dez dias depois de ele come\u00e7ar a ter sintomas, em 20 de janeiro, a China declarou emerg\u00eancia por causa do surto. Li afirma ter sido submetido a diversos exames para determinar se estava com coronav\u00edrus, mas todos deram negativo.<\/p>\n\n\n\n<p>Em 30 de janeiro, ele postou novamente: &#8220;Hoje, o teste de \u00e1cido nucleico voltou com um resultado positivo. A poeira baixou, finalmente fui diagnosticado&#8221;.<\/p>\n","protected":false},"excerpt":{"rendered":"<p>A Organiza\u00e7\u00e3o Mundial da Sa\u00fade (OMS) lamentou nesta quinta-feira (06) a morte do m\u00e9dico chin\u00eas Li Wenliang, oftalmologista do Hospital Central de Wuhan, por complica\u00e7\u00f5es&hellip; <\/p>\n","protected":false},"author":1,"featured_media":151885,"comment_status":"closed","ping_status":"closed","sticky":false,"template":"","format":"standard","meta":{"sfsi_plus_gutenberg_text_before_share":"","sfsi_plus_gutenberg_show_text_before_share":"","sfsi_plus_gutenberg_icon_type":"","sfsi_plus_gutenberg_icon_alignemt":"","sfsi_plus_gutenburg_max_per_row":"","footnotes":""},"categories":[2],"tags":[],"class_list":["post-151884","post","type-post","status-publish","format-standard","has-post-thumbnail","hentry","category-geral"],"_links":{"self":[{"href":"https:\/\/www.caririemacao.com\/1\/wp-json\/wp\/v2\/posts\/151884","targetHints":{"allow":["GET"]}}],"collection":[{"href":"https:\/\/www.caririemacao.com\/1\/wp-json\/wp\/v2\/posts"}],"about":[{"href":"https:\/\/www.caririemacao.com\/1\/wp-json\/wp\/v2\/types\/post"}],"author":[{"embeddable":true,"href":"https:\/\/www.caririemacao.com\/1\/wp-json\/wp\/v2\/users\/1"}],"replies":[{"embeddable":true,"href":"https:\/\/www.caririemacao.com\/1\/wp-json\/wp\/v2\/comments?post=151884"}],"version-history":[{"count":1,"href":"https:\/\/www.caririemacao.com\/1\/wp-json\/wp\/v2\/posts\/151884\/revisions"}],"predecessor-version":[{"id":151886,"href":"https:\/\/www.caririemacao.com\/1\/wp-json\/wp\/v2\/posts\/151884\/revisions\/151886"}],"wp:featuredmedia":[{"embeddable":true,"href":"https:\/\/www.caririemacao.com\/1\/wp-json\/wp\/v2\/media\/151885"}],"wp:attachment":[{"href":"https:\/\/www.caririemacao.com\/1\/wp-json\/wp\/v2\/media?parent=151884"}],"wp:term":[{"taxonomy":"category","embeddable":true,"href":"https:\/\/www.caririemacao.com\/1\/wp-json\/wp\/v2\/categories?post=151884"},{"taxonomy":"post_tag","embeddable":true,"href":"https:\/\/www.caririemacao.com\/1\/wp-json\/wp\/v2\/tags?post=151884"}],"curies":[{"name":"wp","href":"https:\/\/api.w.org\/{rel}","templated":true}]}}