{"id":151889,"date":"2020-02-06T14:20:38","date_gmt":"2020-02-06T17:20:38","guid":{"rendered":"http:\/\/www.caririemacao.com\/1\/?p=151889"},"modified":"2020-02-06T14:20:40","modified_gmt":"2020-02-06T17:20:40","slug":"governo-federal-cancela-propostas-e-paraiba-tera-que-devolver-r-629-mil","status":"publish","type":"post","link":"https:\/\/www.caririemacao.com\/1\/2020\/02\/06\/governo-federal-cancela-propostas-e-paraiba-tera-que-devolver-r-629-mil\/","title":{"rendered":"Governo Federal cancela propostas e Para\u00edba ter\u00e1 que devolver R$ 629 mil"},"content":{"rendered":"\n<p>O Minist\u00e9rio da Sa\u00fade cancelou nove propostas da Para\u00edba no \u00e2mbito do Programa Rede Cegonha que destina recursos para assist\u00eancia de gestantes e pu\u00e9rperas.<\/p>\n\n\n\n<p>De acordo com a Portaria publicada, nesta quinta-feira (6), no Di\u00e1rio Oficial da Uni\u00e3o (DOU), as propostas da Secret\u00e1ria Estadual de Sa\u00fade s\u00e3o de 2013 e somadas teriam uma quantia de R$ 3,5 milh\u00f5es. Desse valor, R$ 3,2 milh\u00f5es haviam sido empenhados e R$ 629 mil pagos.<\/p>\n\n\n\n<p>O cancelamento se deu porque as propostas tiveram percentual de execu\u00e7\u00e3o de obra abaixo de 60%. Na Para\u00edba, a&nbsp; expectativa era para amplia\u00e7\u00e3o de tr\u00eas Centros de Parto Normal, quatro Casas da Gestante Beb\u00ea e Pu\u00e9rpera e duas Ambi\u00eancias.<\/p>\n\n\n\n<p>O Governo do Estado dever\u00e1 devolver os recursos ao Fundo Nacional de Sa\u00fade, acrescidos da corre\u00e7\u00e3o monet\u00e1ria.<\/p>\n\n\n\n<p>Ao&nbsp;<strong>Portal MaisPB<\/strong>, o gerente executivo de planejamento e gest\u00e3o da Secretaria Estadual de Sa\u00fade, Marcelo Mandu, disse que os recursos seriam aplicados em v\u00e1rias cidades do estado, como Jo\u00e3o Pessoa, Cajazeiras, Santa Luzia e Patos.<\/p>\n\n\n\n<p>Mandu esclareceu que o n\u00e3o cumprimento se deu pela inviabilidade de deixar alguns im\u00f3veis nos padr\u00f5es que o Minist\u00e9rio da Sa\u00fade exigia e apresenta\u00e7\u00e3o de titularidades das \u00e1reas que passariam pelas interven\u00e7\u00f5es.<\/p>\n\n\n\n<p>\u201cA amplia\u00e7\u00e3o de casas tem que seguir certo padr\u00e3o m\u00ednimo. Algumas unidades n\u00e3o se adequavam. O Minist\u00e9rio da Sa\u00fade n\u00e3o aprovou ajuste e inviabilizou as propostas de amplia\u00e7\u00e3o. Outras propostas n\u00e3o foram acatadas pelo minist\u00e9rio\u201d, destacou.<\/p>\n\n\n\n<p><strong>Roberto Targino \u2013 MaisPB<\/strong><\/p>\n","protected":false},"excerpt":{"rendered":"<p>O Minist\u00e9rio da Sa\u00fade cancelou nove propostas da Para\u00edba no \u00e2mbito do Programa Rede Cegonha que destina recursos para assist\u00eancia de gestantes e pu\u00e9rperas. De&hellip; <\/p>\n","protected":false},"author":1,"featured_media":151890,"comment_status":"closed","ping_status":"closed","sticky":false,"template":"","format":"standard","meta":{"sfsi_plus_gutenberg_text_before_share":"","sfsi_plus_gutenberg_show_text_before_share":"","sfsi_plus_gutenberg_icon_type":"","sfsi_plus_gutenberg_icon_alignemt":"","sfsi_plus_gutenburg_max_per_row":"","footnotes":""},"categories":[11],"tags":[],"class_list":["post-151889","post","type-post","status-publish","format-standard","has-post-thumbnail","hentry","category-politica"],"_links":{"self":[{"href":"https:\/\/www.caririemacao.com\/1\/wp-json\/wp\/v2\/posts\/151889","targetHints":{"allow":["GET"]}}],"collection":[{"href":"https:\/\/www.caririemacao.com\/1\/wp-json\/wp\/v2\/posts"}],"about":[{"href":"https:\/\/www.caririemacao.com\/1\/wp-json\/wp\/v2\/types\/post"}],"author":[{"embeddable":true,"href":"https:\/\/www.caririemacao.com\/1\/wp-json\/wp\/v2\/users\/1"}],"replies":[{"embeddable":true,"href":"https:\/\/www.caririemacao.com\/1\/wp-json\/wp\/v2\/comments?post=151889"}],"version-history":[{"count":1,"href":"https:\/\/www.caririemacao.com\/1\/wp-json\/wp\/v2\/posts\/151889\/revisions"}],"predecessor-version":[{"id":151891,"href":"https:\/\/www.caririemacao.com\/1\/wp-json\/wp\/v2\/posts\/151889\/revisions\/151891"}],"wp:featuredmedia":[{"embeddable":true,"href":"https:\/\/www.caririemacao.com\/1\/wp-json\/wp\/v2\/media\/151890"}],"wp:attachment":[{"href":"https:\/\/www.caririemacao.com\/1\/wp-json\/wp\/v2\/media?parent=151889"}],"wp:term":[{"taxonomy":"category","embeddable":true,"href":"https:\/\/www.caririemacao.com\/1\/wp-json\/wp\/v2\/categories?post=151889"},{"taxonomy":"post_tag","embeddable":true,"href":"https:\/\/www.caririemacao.com\/1\/wp-json\/wp\/v2\/tags?post=151889"}],"curies":[{"name":"wp","href":"https:\/\/api.w.org\/{rel}","templated":true}]}}