{"id":151905,"date":"2020-02-06T14:43:27","date_gmt":"2020-02-06T17:43:27","guid":{"rendered":"http:\/\/www.caririemacao.com\/1\/?p=151905"},"modified":"2020-02-06T14:43:29","modified_gmt":"2020-02-06T17:43:29","slug":"mpt-e-senai-inscrevem-para-cursos-gratuitos-na-area-de-informatica","status":"publish","type":"post","link":"https:\/\/www.caririemacao.com\/1\/2020\/02\/06\/mpt-e-senai-inscrevem-para-cursos-gratuitos-na-area-de-informatica\/","title":{"rendered":"MPT e Senai inscrevem para cursos gratuitos na \u00e1rea de inform\u00e1tica"},"content":{"rendered":"\n<div class=\"wp-block-image\"><figure class=\"aligncenter\"><a href=\"http:\/\/noticiasemdestaque.com\/cd\/wp-content\/uploads\/2017\/07\/bolsistas-brasileiros-poderao-trocar-cursos-portugal-outros-paises-noiticias.jpg\"><img decoding=\"async\" data-src=\"http:\/\/noticiasemdestaque.com\/cd\/wp-content\/uploads\/2017\/07\/bolsistas-brasileiros-poderao-trocar-cursos-portugal-outros-paises-noiticias.jpg\" alt=\"\" class=\"wp-image-1273 lazyload\" src=\"data:image\/svg+xml;base64,PHN2ZyB3aWR0aD0iMSIgaGVpZ2h0PSIxIiB4bWxucz0iaHR0cDovL3d3dy53My5vcmcvMjAwMC9zdmciPjwvc3ZnPg==\" \/><\/a><\/figure><\/div>\n\n\n\n<p>O Minist\u00e9rio P\u00fablico do Trabalho (MPT) na Para\u00edba e o Servi\u00e7o Nacional de Aprendizagem Industrial (Senai) est\u00e3o com inscri\u00e7\u00f5es abertas at\u00e9 esta sexta-feira (7) para o processo de sele\u00e7\u00e3o para as turmas dos cursos gratuitos de Operador de Computador e Operador de Excel Avan\u00e7ado, na modalidade de Qualifica\u00e7\u00e3o Profissional e Aperfei\u00e7oamento Profissional. S\u00e3o oferecidas 48 vagas, sendo oito para pessoas com defici\u00eancia (PCDs).<\/p>\n\n\n\n<p>Os cursos gratuitos ser\u00e3o ofertados no Laborat\u00f3rio de Tecnologia da Informa\u00e7\u00e3o do Senai de Caapor\u00e3, munic\u00edpio da Regi\u00e3o Metropolitana de Jo\u00e3o Pessoa. A inscri\u00e7\u00e3o pode ser feita presencialmente, no Senai de Caapor\u00e3, localizado na Rua Francisco Naz\u00e1rio, das 7h30 \u00e0s 10h30 e das 13h30 \u00e0s 16h30, ou&nbsp;<a href=\"https:\/\/linktr.ee\/senaiparaiba\" target=\"_blank\" rel=\"noreferrer noopener\">pela internet<\/a>.<\/p>\n\n\n\n<p>Das 48 vagas oferecidas, 24 s\u00e3o para o curso de Operador de Excel Avan\u00e7ado (160h), cujas aulas come\u00e7ar\u00e3o no dia 2 de mar\u00e7o. Ser\u00e3o duas turmas, uma no turno da manh\u00e3 (com 12 vagas) e outra no turno da tarde (com mais 12 vagas). E mais 24 vagas para o curso de Operador de Computador (160h), que ter\u00e1 in\u00edcio no dia 23 de mar\u00e7o e tamb\u00e9m ofertar\u00e1 12 vagas para o turno da manh\u00e3 e 12 para o turno da tarde.<\/p>\n\n\n\n<h2 class=\"wp-block-heading\">Requisitos para inscri\u00e7\u00f5es<\/h2>\n\n\n\n<p>Para se inscrever no curso de Excel Avan\u00e7ado, o candidato precisa ter idade m\u00ednima de 16 anos, ter o Ensino Fundamental II completo e comprovar certifica\u00e7\u00e3o de Operador de Computador. J\u00e1 para o curso de Operador de Computador, o candidato precisa ter idade m\u00ednima de 16 anos e o Ensino Fundamental I completo.<\/p>\n\n\n\n<h2 class=\"wp-block-heading\">Prova<\/h2>\n\n\n\n<p>No processo seletivo, o candidato far\u00e1 prova objetiva com 20 quest\u00f5es, sendo 10 de Matem\u00e1tica e 10 de Portugu\u00eas. A prova ser\u00e1 aplicada no dia 11 de fevereiro, das 9h \u00e0s 11h, no Senai de Caapor\u00e3. O resultado final da sele\u00e7\u00e3o ser\u00e1 divulgado no dia 14 de fevereiro, a partir das 18h,&nbsp;<a href=\"http:\/\/www.fiepb.com.br\/senai\" target=\"_blank\" rel=\"noreferrer noopener\">no site<\/a>&nbsp;e no mural do Senai de Caapor\u00e3.<\/p>\n\n\n\n<p>Interessados podem tirar d\u00favidas&nbsp;<a href=\"https:\/\/linktr.ee\/senaiparaiba\" target=\"_blank\" rel=\"noreferrer noopener\">pelo site<\/a>&nbsp;ou pelo telefone (83) 3286-1079.<\/p>\n\n\n\n<p>Fonte: Portal Correio<\/p>\n","protected":false},"excerpt":{"rendered":"<p>O Minist\u00e9rio P\u00fablico do Trabalho (MPT) na Para\u00edba e o Servi\u00e7o Nacional de Aprendizagem Industrial (Senai) est\u00e3o com inscri\u00e7\u00f5es abertas at\u00e9 esta sexta-feira (7) para&hellip; <\/p>\n","protected":false},"author":1,"featured_media":54343,"comment_status":"closed","ping_status":"closed","sticky":false,"template":"","format":"standard","meta":{"sfsi_plus_gutenberg_text_before_share":"","sfsi_plus_gutenberg_show_text_before_share":"","sfsi_plus_gutenberg_icon_type":"","sfsi_plus_gutenberg_icon_alignemt":"","sfsi_plus_gutenburg_max_per_row":"","footnotes":""},"categories":[14],"tags":[],"class_list":["post-151905","post","type-post","status-publish","format-standard","has-post-thumbnail","hentry","category-educacao"],"_links":{"self":[{"href":"https:\/\/www.caririemacao.com\/1\/wp-json\/wp\/v2\/posts\/151905","targetHints":{"allow":["GET"]}}],"collection":[{"href":"https:\/\/www.caririemacao.com\/1\/wp-json\/wp\/v2\/posts"}],"about":[{"href":"https:\/\/www.caririemacao.com\/1\/wp-json\/wp\/v2\/types\/post"}],"author":[{"embeddable":true,"href":"https:\/\/www.caririemacao.com\/1\/wp-json\/wp\/v2\/users\/1"}],"replies":[{"embeddable":true,"href":"https:\/\/www.caririemacao.com\/1\/wp-json\/wp\/v2\/comments?post=151905"}],"version-history":[{"count":1,"href":"https:\/\/www.caririemacao.com\/1\/wp-json\/wp\/v2\/posts\/151905\/revisions"}],"predecessor-version":[{"id":151906,"href":"https:\/\/www.caririemacao.com\/1\/wp-json\/wp\/v2\/posts\/151905\/revisions\/151906"}],"wp:featuredmedia":[{"embeddable":true,"href":"https:\/\/www.caririemacao.com\/1\/wp-json\/wp\/v2\/media\/54343"}],"wp:attachment":[{"href":"https:\/\/www.caririemacao.com\/1\/wp-json\/wp\/v2\/media?parent=151905"}],"wp:term":[{"taxonomy":"category","embeddable":true,"href":"https:\/\/www.caririemacao.com\/1\/wp-json\/wp\/v2\/categories?post=151905"},{"taxonomy":"post_tag","embeddable":true,"href":"https:\/\/www.caririemacao.com\/1\/wp-json\/wp\/v2\/tags?post=151905"}],"curies":[{"name":"wp","href":"https:\/\/api.w.org\/{rel}","templated":true}]}}