{"id":151930,"date":"2020-02-06T22:24:37","date_gmt":"2020-02-07T01:24:37","guid":{"rendered":"http:\/\/www.caririemacao.com\/1\/?p=151930"},"modified":"2020-02-06T22:24:39","modified_gmt":"2020-02-07T01:24:39","slug":"serra-branca-jovem-usuario-de-drogas-comete-suicidio","status":"publish","type":"post","link":"https:\/\/www.caririemacao.com\/1\/2020\/02\/06\/serra-branca-jovem-usuario-de-drogas-comete-suicidio\/","title":{"rendered":"SERRA BRANCA: jovem usu\u00e1rio de drogas comete suic\u00eddio"},"content":{"rendered":"\n<p>Um jovem foi encontrado morto, v\u00edtima de suic\u00eddio na cidade de Serra Branca, nessa quinta-feira (06). O jovem era usu\u00e1rio de drogas e apresentava um longo hist\u00f3rico de depress\u00e3o. <\/p>\n\n\n\n<p>O jovem  se chamava Leandro Justino Diniz, tinha apenas 26 anos, e foi encontrado enforcado dentro de um quarto ao lado de sua casa, no bairro Pil\u00e3o em Serra Branca. A v\u00edtima era usu\u00e1rio de drogas, mas tinha um bom relacionamento bem com todos na cidade.<\/p>\n\n\n\n<p>De acordo com informa\u00e7\u00f5es, o jovem morava em um pequeno quarto ao lado de sua casa e ao longo de sua vida sempre apresentou quadros depress\u00e3o. <\/p>\n\n\n\n<p>A \u00faltima vez que familiares encontraram o jovem foi na noite desta quarta-feira (05) e ele estava aparentemente bem, apenas falando informa\u00e7\u00f5es desencontradas, segundo relato de sua m\u00e3e.<\/p>\n\n\n\n<p>O jovem n\u00e3o apresentava no momento problemas de sa\u00fade ou motivo grave aparente.<\/p>\n","protected":false},"excerpt":{"rendered":"<p>Um jovem foi encontrado morto, v\u00edtima de suic\u00eddio na cidade de Serra Branca, nessa quinta-feira (06). O jovem era usu\u00e1rio de drogas e apresentava um&hellip; <\/p>\n","protected":false},"author":2,"featured_media":151933,"comment_status":"closed","ping_status":"closed","sticky":false,"template":"","format":"standard","meta":{"sfsi_plus_gutenberg_text_before_share":"","sfsi_plus_gutenberg_show_text_before_share":"","sfsi_plus_gutenberg_icon_type":"","sfsi_plus_gutenberg_icon_alignemt":"","sfsi_plus_gutenburg_max_per_row":"","footnotes":""},"categories":[6,50],"tags":[],"class_list":["post-151930","post","type-post","status-publish","format-standard","has-post-thumbnail","hentry","category-cidades","category-destaque"],"_links":{"self":[{"href":"https:\/\/www.caririemacao.com\/1\/wp-json\/wp\/v2\/posts\/151930","targetHints":{"allow":["GET"]}}],"collection":[{"href":"https:\/\/www.caririemacao.com\/1\/wp-json\/wp\/v2\/posts"}],"about":[{"href":"https:\/\/www.caririemacao.com\/1\/wp-json\/wp\/v2\/types\/post"}],"author":[{"embeddable":true,"href":"https:\/\/www.caririemacao.com\/1\/wp-json\/wp\/v2\/users\/2"}],"replies":[{"embeddable":true,"href":"https:\/\/www.caririemacao.com\/1\/wp-json\/wp\/v2\/comments?post=151930"}],"version-history":[{"count":2,"href":"https:\/\/www.caririemacao.com\/1\/wp-json\/wp\/v2\/posts\/151930\/revisions"}],"predecessor-version":[{"id":151935,"href":"https:\/\/www.caririemacao.com\/1\/wp-json\/wp\/v2\/posts\/151930\/revisions\/151935"}],"wp:featuredmedia":[{"embeddable":true,"href":"https:\/\/www.caririemacao.com\/1\/wp-json\/wp\/v2\/media\/151933"}],"wp:attachment":[{"href":"https:\/\/www.caririemacao.com\/1\/wp-json\/wp\/v2\/media?parent=151930"}],"wp:term":[{"taxonomy":"category","embeddable":true,"href":"https:\/\/www.caririemacao.com\/1\/wp-json\/wp\/v2\/categories?post=151930"},{"taxonomy":"post_tag","embeddable":true,"href":"https:\/\/www.caririemacao.com\/1\/wp-json\/wp\/v2\/tags?post=151930"}],"curies":[{"name":"wp","href":"https:\/\/api.w.org\/{rel}","templated":true}]}}