{"id":151936,"date":"2020-02-06T23:12:32","date_gmt":"2020-02-07T02:12:32","guid":{"rendered":"http:\/\/www.caririemacao.com\/1\/?p=151936"},"modified":"2020-02-06T23:12:33","modified_gmt":"2020-02-07T02:12:33","slug":"monteiro-prefeita-anna-lorena-acusa-apresentadores-de-programa-de-radio-de-denegrir-sua-gestao","status":"publish","type":"post","link":"https:\/\/www.caririemacao.com\/1\/2020\/02\/06\/monteiro-prefeita-anna-lorena-acusa-apresentadores-de-programa-de-radio-de-denegrir-sua-gestao\/","title":{"rendered":"MONTEIRO: Prefeita Anna Lorena acusa apresentadores de programa de r\u00e1dio de denegrir sua gest\u00e3o"},"content":{"rendered":"\n<p>Na noite desta quinta-feira (06), a prefeita Anna Lorena aproveitou a oportunidade, durante a sess\u00e3o de abertura dos trabalhos legislativos da C\u00e2mara Vereadores de Monteiro. Para fazer um balan\u00e7o de sua gest\u00e3o e tamb\u00e9m rebater cr\u00edticas feitas Por apresentadores de um programa na R\u00e1dio Imprensa FM.<\/p>\n\n\n\n<p>A prefeita afirmou que tem buscado diariamente fazer pol\u00edtica com coer\u00eancia e honestidade, sem precisar \u201cpagar\u201d a pessoas de outras cidades para denegrir a imagem de seus opositores, assim como eles fazem para atacar a sua gest\u00e3o e at\u00e9 mesmo sua dignidade.<\/p>\n\n\n\n<p>Anna Lorena ainda alfinetou o apresentador do programa de r\u00e1dio, e disse que at\u00e9 pouco tempo ele foi auxiliar de sua gest\u00e3o, e lembrou que at\u00e9 mar\u00e7o de 2018, quando o mesmo recebia da Prefeitura de Monteiro, nunca falou mal da gest\u00e3o, e foi apenas ser demitido, para come\u00e7ar e destilar o seu \u00f3dio e tentar transmitir mentiras e distorcer as informa\u00e7\u00f5es para atacar sua administra\u00e7\u00e3o.<\/p>\n\n\n\n<p>\u201cO mesmo podemos dizer da pseuda jornalista que hoje tanto me critica. \u00c9 a mesma que anos atr\u00e1s criticava os pol\u00edticos que ela hoje defende\u201d, lembrou Anna Lorena, lamentando ser v\u00edtima diariamente de difama\u00e7\u00f5es em programas de r\u00e1dio.<\/p>\n\n\n\n<p>Informa\u00e7\u00f5es: Vitrine do Cariri<br><\/p>\n\n\n\n<hr class=\"wp-block-separator\"\/>\n\n\n\n\n\n<p><\/p>\n","protected":false},"excerpt":{"rendered":"<p>Na noite desta quinta-feira (06), a prefeita Anna Lorena aproveitou a oportunidade, durante a sess\u00e3o de abertura dos trabalhos legislativos da C\u00e2mara Vereadores de Monteiro.&hellip; <\/p>\n","protected":false},"author":2,"featured_media":151937,"comment_status":"closed","ping_status":"closed","sticky":false,"template":"","format":"standard","meta":{"sfsi_plus_gutenberg_text_before_share":"","sfsi_plus_gutenberg_show_text_before_share":"","sfsi_plus_gutenberg_icon_type":"","sfsi_plus_gutenberg_icon_alignemt":"","sfsi_plus_gutenburg_max_per_row":"","footnotes":""},"categories":[6,50],"tags":[],"class_list":["post-151936","post","type-post","status-publish","format-standard","has-post-thumbnail","hentry","category-cidades","category-destaque"],"_links":{"self":[{"href":"https:\/\/www.caririemacao.com\/1\/wp-json\/wp\/v2\/posts\/151936","targetHints":{"allow":["GET"]}}],"collection":[{"href":"https:\/\/www.caririemacao.com\/1\/wp-json\/wp\/v2\/posts"}],"about":[{"href":"https:\/\/www.caririemacao.com\/1\/wp-json\/wp\/v2\/types\/post"}],"author":[{"embeddable":true,"href":"https:\/\/www.caririemacao.com\/1\/wp-json\/wp\/v2\/users\/2"}],"replies":[{"embeddable":true,"href":"https:\/\/www.caririemacao.com\/1\/wp-json\/wp\/v2\/comments?post=151936"}],"version-history":[{"count":2,"href":"https:\/\/www.caririemacao.com\/1\/wp-json\/wp\/v2\/posts\/151936\/revisions"}],"predecessor-version":[{"id":151939,"href":"https:\/\/www.caririemacao.com\/1\/wp-json\/wp\/v2\/posts\/151936\/revisions\/151939"}],"wp:featuredmedia":[{"embeddable":true,"href":"https:\/\/www.caririemacao.com\/1\/wp-json\/wp\/v2\/media\/151937"}],"wp:attachment":[{"href":"https:\/\/www.caririemacao.com\/1\/wp-json\/wp\/v2\/media?parent=151936"}],"wp:term":[{"taxonomy":"category","embeddable":true,"href":"https:\/\/www.caririemacao.com\/1\/wp-json\/wp\/v2\/categories?post=151936"},{"taxonomy":"post_tag","embeddable":true,"href":"https:\/\/www.caririemacao.com\/1\/wp-json\/wp\/v2\/tags?post=151936"}],"curies":[{"name":"wp","href":"https:\/\/api.w.org\/{rel}","templated":true}]}}