{"id":151940,"date":"2020-02-06T23:30:02","date_gmt":"2020-02-07T02:30:02","guid":{"rendered":"http:\/\/www.caririemacao.com\/1\/?p=151940"},"modified":"2020-02-06T23:30:03","modified_gmt":"2020-02-07T02:30:03","slug":"amparo-secretaria-municipal-de-educacao-inicia-jornada-pedagogica-2020","status":"publish","type":"post","link":"https:\/\/www.caririemacao.com\/1\/2020\/02\/06\/amparo-secretaria-municipal-de-educacao-inicia-jornada-pedagogica-2020\/","title":{"rendered":"AMPARO: Secretaria Municipal de Educa\u00e7\u00e3o inicia jornada pedag\u00f3gica 2020"},"content":{"rendered":"\n<p><\/p>\n\n\n\n<p> A secretaria municipal de educa\u00e7\u00e3o deu in\u00edcio na \u00faltima ter\u00e7a-feira (04), mais uma Jornada Pedag\u00f3gica. Com o tema: Distor\u00e7\u00e3o Idade-s\u00e9rie, desafio de uma educa\u00e7\u00e3o de qualidade. <br> A jornada pedag\u00f3gica faz parte do plano de forma\u00e7\u00e3o continuada executada pela secretaria municipal de educa\u00e7\u00e3o, trazendo no in\u00edcio de cada ano letivo, os diversos profissionais da \u00e1rea da educa\u00e7\u00e3o para discutir temas de relev\u00e2ncia e enfrentamento dos problemas inerentes \u00e0 educa\u00e7\u00e3o. <\/p>\n\n\n\n<p>A secret\u00e1ria Fabiana Feitosa convidou o Professor Fabiano Cust\u00f3dio como palestrante, pertencente \u00e0 UFCG\/CDSA que na oportunidade tamb\u00e9m fez o lan\u00e7amento do livro: Ensino de Geografia e Educa\u00e7\u00e3o do Campo. <\/p>\n\n\n\n<p>O prefeito In\u00e1cio N\u00f3brega em sua fala, cita a import\u00e2ncia dos professores para a forma\u00e7\u00e3o do indiv\u00edduo e, foi enf\u00e1tico ao afirmar que sua gest\u00e3o administrativa est\u00e1 pronto para garantir o direito de valoriza\u00e7\u00e3o dos profissionais. O prefeito ratifica o compromisso de repassar o acr\u00e9scimo de 12,84% do piso salarial nacional no contracheque de fevereiro.<br><\/p>\n","protected":false},"excerpt":{"rendered":"<p>A secretaria municipal de educa\u00e7\u00e3o deu in\u00edcio na \u00faltima ter\u00e7a-feira (04), mais uma Jornada Pedag\u00f3gica. Com o tema: Distor\u00e7\u00e3o Idade-s\u00e9rie, desafio de uma educa\u00e7\u00e3o de&hellip; <\/p>\n","protected":false},"author":2,"featured_media":151941,"comment_status":"closed","ping_status":"closed","sticky":false,"template":"","format":"standard","meta":{"sfsi_plus_gutenberg_text_before_share":"","sfsi_plus_gutenberg_show_text_before_share":"","sfsi_plus_gutenberg_icon_type":"","sfsi_plus_gutenberg_icon_alignemt":"","sfsi_plus_gutenburg_max_per_row":"","footnotes":""},"categories":[6,50],"tags":[],"class_list":["post-151940","post","type-post","status-publish","format-standard","has-post-thumbnail","hentry","category-cidades","category-destaque"],"_links":{"self":[{"href":"https:\/\/www.caririemacao.com\/1\/wp-json\/wp\/v2\/posts\/151940","targetHints":{"allow":["GET"]}}],"collection":[{"href":"https:\/\/www.caririemacao.com\/1\/wp-json\/wp\/v2\/posts"}],"about":[{"href":"https:\/\/www.caririemacao.com\/1\/wp-json\/wp\/v2\/types\/post"}],"author":[{"embeddable":true,"href":"https:\/\/www.caririemacao.com\/1\/wp-json\/wp\/v2\/users\/2"}],"replies":[{"embeddable":true,"href":"https:\/\/www.caririemacao.com\/1\/wp-json\/wp\/v2\/comments?post=151940"}],"version-history":[{"count":1,"href":"https:\/\/www.caririemacao.com\/1\/wp-json\/wp\/v2\/posts\/151940\/revisions"}],"predecessor-version":[{"id":151942,"href":"https:\/\/www.caririemacao.com\/1\/wp-json\/wp\/v2\/posts\/151940\/revisions\/151942"}],"wp:featuredmedia":[{"embeddable":true,"href":"https:\/\/www.caririemacao.com\/1\/wp-json\/wp\/v2\/media\/151941"}],"wp:attachment":[{"href":"https:\/\/www.caririemacao.com\/1\/wp-json\/wp\/v2\/media?parent=151940"}],"wp:term":[{"taxonomy":"category","embeddable":true,"href":"https:\/\/www.caririemacao.com\/1\/wp-json\/wp\/v2\/categories?post=151940"},{"taxonomy":"post_tag","embeddable":true,"href":"https:\/\/www.caririemacao.com\/1\/wp-json\/wp\/v2\/tags?post=151940"}],"curies":[{"name":"wp","href":"https:\/\/api.w.org\/{rel}","templated":true}]}}