{"id":151953,"date":"2020-02-07T07:17:27","date_gmt":"2020-02-07T10:17:27","guid":{"rendered":"http:\/\/www.caririemacao.com\/1\/?p=151953"},"modified":"2020-02-07T07:17:28","modified_gmt":"2020-02-07T10:17:28","slug":"prefeita-anna-lorena-acusa-apresentadores-de-programa-de-radio-de-tentarem-denegrir-sua-gestao-com-mentiras","status":"publish","type":"post","link":"https:\/\/www.caririemacao.com\/1\/2020\/02\/07\/prefeita-anna-lorena-acusa-apresentadores-de-programa-de-radio-de-tentarem-denegrir-sua-gestao-com-mentiras\/","title":{"rendered":"Prefeita Anna Lorena acusa apresentadores de programa de r\u00e1dio de tentarem denegrir sua gest\u00e3o com mentiras"},"content":{"rendered":"\n<p>Durante a sess\u00e3o de abertura dos trabalhos legislativos da C\u00e2mara Vereadores de Monteiro na noite desta quinta-feira (06), a prefeita Anna Lorena aproveitou a oportunidade para mais uma vez fazer um balan\u00e7o de sua gest\u00e3o e tamb\u00e9m rebater cr\u00edticas desferidas por apresentadores de um programa na R\u00e1dio Imprensa FM.<\/p>\n\n\n\n<p>A prefeita afirmou que tem buscado fazer pol\u00edtica com coer\u00eancia e honestidade, sem precisar \u201cpagar\u201d a pessoas de outras cidades para denegrir a imagem de seus opositores, assim como eles fazem para atacar a sua gest\u00e3o e at\u00e9 mesmo sua dignidade.<\/p>\n\n\n\n<p>Anna Lorena ainda alfinetou o apresentador do programa de r\u00e1dio, e disse que at\u00e9 pouco tempo ele foi auxiliar de sua gest\u00e3o, e lembrou que at\u00e9 mar\u00e7o de 2018, quando o mesmo recebia da Prefeitura de Monteiro, nunca falou mal da gest\u00e3o, e foi apenas ser demitido, para come\u00e7ar e destilar o seu \u00f3dio e tentar transmitir mentiras e distorcer as informa\u00e7\u00f5es para atacar sua administra\u00e7\u00e3o.<\/p>\n\n\n\n<p>\u201cO mesmo podemos dizer da pseuda jornalista que hoje tanto me critica. \u00c9 a mesma que anos atr\u00e1s criticava os pol\u00edticos que ela hoje defende\u201d, lembrou Anna Lorena, lamentando ser v\u00edtima diariamente de difama\u00e7\u00f5es em programas de r\u00e1dio.<\/p>\n","protected":false},"excerpt":{"rendered":"<p>Durante a sess\u00e3o de abertura dos trabalhos legislativos da C\u00e2mara Vereadores de Monteiro na noite desta quinta-feira (06), a prefeita Anna Lorena aproveitou a oportunidade&hellip; <\/p>\n","protected":false},"author":1,"featured_media":17531,"comment_status":"closed","ping_status":"closed","sticky":false,"template":"","format":"standard","meta":{"sfsi_plus_gutenberg_text_before_share":"","sfsi_plus_gutenberg_show_text_before_share":"","sfsi_plus_gutenberg_icon_type":"","sfsi_plus_gutenberg_icon_alignemt":"","sfsi_plus_gutenburg_max_per_row":"","footnotes":""},"categories":[6],"tags":[],"class_list":["post-151953","post","type-post","status-publish","format-standard","has-post-thumbnail","hentry","category-cidades"],"_links":{"self":[{"href":"https:\/\/www.caririemacao.com\/1\/wp-json\/wp\/v2\/posts\/151953","targetHints":{"allow":["GET"]}}],"collection":[{"href":"https:\/\/www.caririemacao.com\/1\/wp-json\/wp\/v2\/posts"}],"about":[{"href":"https:\/\/www.caririemacao.com\/1\/wp-json\/wp\/v2\/types\/post"}],"author":[{"embeddable":true,"href":"https:\/\/www.caririemacao.com\/1\/wp-json\/wp\/v2\/users\/1"}],"replies":[{"embeddable":true,"href":"https:\/\/www.caririemacao.com\/1\/wp-json\/wp\/v2\/comments?post=151953"}],"version-history":[{"count":1,"href":"https:\/\/www.caririemacao.com\/1\/wp-json\/wp\/v2\/posts\/151953\/revisions"}],"predecessor-version":[{"id":151954,"href":"https:\/\/www.caririemacao.com\/1\/wp-json\/wp\/v2\/posts\/151953\/revisions\/151954"}],"wp:featuredmedia":[{"embeddable":true,"href":"https:\/\/www.caririemacao.com\/1\/wp-json\/wp\/v2\/media\/17531"}],"wp:attachment":[{"href":"https:\/\/www.caririemacao.com\/1\/wp-json\/wp\/v2\/media?parent=151953"}],"wp:term":[{"taxonomy":"category","embeddable":true,"href":"https:\/\/www.caririemacao.com\/1\/wp-json\/wp\/v2\/categories?post=151953"},{"taxonomy":"post_tag","embeddable":true,"href":"https:\/\/www.caririemacao.com\/1\/wp-json\/wp\/v2\/tags?post=151953"}],"curies":[{"name":"wp","href":"https:\/\/api.w.org\/{rel}","templated":true}]}}