{"id":151956,"date":"2020-02-07T07:19:21","date_gmt":"2020-02-07T10:19:21","guid":{"rendered":"http:\/\/www.caririemacao.com\/1\/?p=151956"},"modified":"2020-02-07T07:19:23","modified_gmt":"2020-02-07T10:19:23","slug":"dois-garotos-morrem-atropelados-por-caminhao-no-municipio-de-toritama","status":"publish","type":"post","link":"https:\/\/www.caririemacao.com\/1\/2020\/02\/07\/dois-garotos-morrem-atropelados-por-caminhao-no-municipio-de-toritama\/","title":{"rendered":"Dois garotos morrem atropelados por caminh\u00e3o no munic\u00edpio de Toritama"},"content":{"rendered":"\n<p>Na noite desta quinta-feira (06), dois garotos morreram atropelados por um caminh\u00e3o na Rua Joaquim Tabosa, no centro da cidade\u00a0<strong>Toritama<\/strong>, no Agreste do estado de Pernambuco.\u00a0<\/p>\n\n\n\n<p><br>Segundo informa\u00e7\u00f5es colhidas pelo Blog Jota Lima AGORA,\u00a0<strong>Natan Guilherme Jord\u00e3o Miranda<\/strong>, de 10 anos e\u00a0<strong>Gabriel Jord\u00e3o Alves<\/strong>, de 8 anos de idade, estavam em uma bicicleta quando ca\u00edram e foram atropeladas por um caminh\u00e3o que passava pelo local.\u00a0 <\/p>\n\n\n\n<p>Ainda de acordo com informa\u00e7\u00f5es, o motorista n\u00e3o conseguiu manobrar o caminh\u00e3o para livrar os meninos e infelizmente passou por cima das cabe\u00e7as das v\u00edtimas.\u00a0<\/p>\n\n\n\n<figure class=\"wp-block-image\"><a href=\"https:\/\/1.bp.blogspot.com\/-xSilTCRUgSA\/Xjy_3gYs0uI\/AAAAAAAAHHQ\/CBMbyWxGfT4nEglA5W2ZjNezfjt_Hva2ACLcBGAsYHQ\/s1600\/TRA%2BY%2B-%2B3.jpg\"><img decoding=\"async\" data-src=\"https:\/\/1.bp.blogspot.com\/-xSilTCRUgSA\/Xjy_3gYs0uI\/AAAAAAAAHHQ\/CBMbyWxGfT4nEglA5W2ZjNezfjt_Hva2ACLcBGAsYHQ\/s1600\/TRA%2BY%2B-%2B3.jpg\" alt=\"\" src=\"data:image\/svg+xml;base64,PHN2ZyB3aWR0aD0iMSIgaGVpZ2h0PSIxIiB4bWxucz0iaHR0cDovL3d3dy53My5vcmcvMjAwMC9zdmciPjwvc3ZnPg==\" class=\"lazyload\" \/><\/a><\/figure>\n\n\n\n<figure class=\"wp-block-image\"><a href=\"https:\/\/1.bp.blogspot.com\/-OipOAPGrz-M\/Xjy_3ppLRDI\/AAAAAAAAHHU\/3-0X7zYdshogSwbHay2XO7vlV8YFoCUYwCLcBGAsYHQ\/s1600\/TRA%2BY%2B-%2B1.jpg\"><img decoding=\"async\" data-src=\"https:\/\/1.bp.blogspot.com\/-OipOAPGrz-M\/Xjy_3ppLRDI\/AAAAAAAAHHU\/3-0X7zYdshogSwbHay2XO7vlV8YFoCUYwCLcBGAsYHQ\/s1600\/TRA%2BY%2B-%2B1.jpg\" alt=\"\" src=\"data:image\/svg+xml;base64,PHN2ZyB3aWR0aD0iMSIgaGVpZ2h0PSIxIiB4bWxucz0iaHR0cDovL3d3dy53My5vcmcvMjAwMC9zdmciPjwvc3ZnPg==\" class=\"lazyload\" \/><\/a><\/figure>\n\n\n\n<p>&#8220;<strong>Natan<\/strong>&#8221; morreu no local e &#8220;<strong>Gabriel<\/strong>&#8221; ainda foi levado para o Hospital Municipal Nossa Senhora de F\u00e1tima, por\u00e9m tamb\u00e9m n\u00e3o resistiu aos ferimentos. Os dois garotos s\u00e3o primos e fazem parte de uma fam\u00edlia bastante conhecida na capital do Jeans.<\/p>\n\n\n\n<p>O detalhe que chama a aten\u00e7\u00e3o \u00e9 que, &#8220;<strong>Gabriel<\/strong>&#8221; completou idade nova nesta ultima quarta-feira (05), um dia antes de morrer.<\/p>\n\n\n\n<p>Jota Lima<\/p>\n","protected":false},"excerpt":{"rendered":"<p>Na noite desta quinta-feira (06), dois garotos morreram atropelados por um caminh\u00e3o na Rua Joaquim Tabosa, no centro da cidade\u00a0Toritama, no Agreste do estado de&hellip; <\/p>\n","protected":false},"author":1,"featured_media":151957,"comment_status":"closed","ping_status":"closed","sticky":false,"template":"","format":"standard","meta":{"sfsi_plus_gutenberg_text_before_share":"","sfsi_plus_gutenberg_show_text_before_share":"","sfsi_plus_gutenberg_icon_type":"","sfsi_plus_gutenberg_icon_alignemt":"","sfsi_plus_gutenburg_max_per_row":"","footnotes":""},"categories":[12],"tags":[],"class_list":["post-151956","post","type-post","status-publish","format-standard","has-post-thumbnail","hentry","category-policia"],"_links":{"self":[{"href":"https:\/\/www.caririemacao.com\/1\/wp-json\/wp\/v2\/posts\/151956","targetHints":{"allow":["GET"]}}],"collection":[{"href":"https:\/\/www.caririemacao.com\/1\/wp-json\/wp\/v2\/posts"}],"about":[{"href":"https:\/\/www.caririemacao.com\/1\/wp-json\/wp\/v2\/types\/post"}],"author":[{"embeddable":true,"href":"https:\/\/www.caririemacao.com\/1\/wp-json\/wp\/v2\/users\/1"}],"replies":[{"embeddable":true,"href":"https:\/\/www.caririemacao.com\/1\/wp-json\/wp\/v2\/comments?post=151956"}],"version-history":[{"count":1,"href":"https:\/\/www.caririemacao.com\/1\/wp-json\/wp\/v2\/posts\/151956\/revisions"}],"predecessor-version":[{"id":151958,"href":"https:\/\/www.caririemacao.com\/1\/wp-json\/wp\/v2\/posts\/151956\/revisions\/151958"}],"wp:featuredmedia":[{"embeddable":true,"href":"https:\/\/www.caririemacao.com\/1\/wp-json\/wp\/v2\/media\/151957"}],"wp:attachment":[{"href":"https:\/\/www.caririemacao.com\/1\/wp-json\/wp\/v2\/media?parent=151956"}],"wp:term":[{"taxonomy":"category","embeddable":true,"href":"https:\/\/www.caririemacao.com\/1\/wp-json\/wp\/v2\/categories?post=151956"},{"taxonomy":"post_tag","embeddable":true,"href":"https:\/\/www.caririemacao.com\/1\/wp-json\/wp\/v2\/tags?post=151956"}],"curies":[{"name":"wp","href":"https:\/\/api.w.org\/{rel}","templated":true}]}}