{"id":151963,"date":"2020-02-07T07:21:48","date_gmt":"2020-02-07T10:21:48","guid":{"rendered":"http:\/\/www.caririemacao.com\/1\/?p=151963"},"modified":"2020-02-07T07:21:50","modified_gmt":"2020-02-07T10:21:50","slug":"documento-da-secretaria-de-educacao-de-ro-manda-recolher-de-escolas-memorias-postumas-de-bras-cubas-e-mais-42-livros","status":"publish","type":"post","link":"https:\/\/www.caririemacao.com\/1\/2020\/02\/07\/documento-da-secretaria-de-educacao-de-ro-manda-recolher-de-escolas-memorias-postumas-de-bras-cubas-e-mais-42-livros\/","title":{"rendered":"Documento da Secretaria de Educa\u00e7\u00e3o de RO manda recolher de escolas &#8216;Mem\u00f3rias P\u00f3stumas de Br\u00e1s Cubas&#8217; e mais 42 livros"},"content":{"rendered":"\n<p>Um documento da Secretaria de Educa\u00e7\u00e3o de Rond\u00f4nia determinou nesta quinta-feira (6) o recolhimento nas escolas estaduais de 43 livros, entre os quais cl\u00e1ssicos como &#8220;Mem\u00f3rias P\u00f3stumas de Br\u00e1s Cubas&#8221;, de Machado de Assis, &#8220;Macuna\u00edma&#8221;, de M\u00e1rio de Andrade, e &#8220;Os sert\u00f5es&#8221;, de Euclides da Cunha. A ordem n\u00e3o chegou a ser efetivada, diz o governo.<br><\/p>\n\n\n\n<p>O memorando 4\/2020, assinado pelo secret\u00e1rio de Educa\u00e7\u00e3o, Suamy Vivecananda Lacerda de Abreu, foi endere\u00e7ado \u00e0s coordenadorias regionais de educa\u00e7\u00e3o de Rond\u00f4nia. O argumento, no documento, era que os livros apresentavam &#8220;conte\u00fados inadequados \u00e0s crian\u00e7as e adolescentes&#8221;.<\/p>\n\n\n\n<p>Ao G1, o secret\u00e1rio confirmou a exist\u00eancia do documento \u2013 disse tratar-se de um &#8220;rascunho&#8221; feito por &#8220;t\u00e9cnicos&#8221; que n\u00e3o chegou a ser expedido. Afirmou ainda n\u00e3o concordar com o teor do memorando e que os livros listados n\u00e3o ser\u00e3o recolhidos.<\/p>\n\n\n\n<p>O trabalho dos t\u00e9cnicos, segundo o secret\u00e1rio, come\u00e7ou porque havia uma den\u00fancia de que os livros continham palavr\u00f5es:<\/p>\n\n\n\n<p>&#8220;[O departamento t\u00e9cnico] Fez uma checagem que n\u00e3o \u00e9 conclusiva, porque a conclus\u00e3o vai encerrar quando eles [t\u00e9cnicos] me apresentarem alguma coisa, e, pelo que eu estou vendo, j\u00e1 n\u00e3o querem mais apresentar. Mas, assim, s\u00e3o cl\u00e1ssicos da literatura. \u2018Macuna\u00edma\u2019 \u00e9 filme e o escambau, entendeu? N\u00e3o seria a Seduc de Rond\u00f4nia que iria se invocar com um livro desse&#8221;, afirmou.<br>O of\u00edcio lista tem ainda 19 obras de Rubem Fonseca, oito de Carlos Heitor Cony e tr\u00eas de Nelson Rodrigues. H\u00e1 ainda uma observa\u00e7\u00e3o: &#8220;Todos os livros de Rubem Alves devem ser recolhidos&#8221;.<\/p>\n\n\n\n<p>Dois cl\u00e1ssicos da literatura internacional tamb\u00e9m aparecem: Franz Kafka, com &#8220;O castelo&#8221;, e Edgar Allan Poe, com &#8220;Contos de terror, de mist\u00e9rio e de morte&#8221;.<\/p>\n\n\n\n<p>O documento e a rela\u00e7\u00e3o de obras (veja abaixo) repercutiram em redes sociais, com a divulga\u00e7\u00e3o de imagens dos of\u00edcios. O documento, que est\u00e1 em sistema interno da Secretaria de Educa\u00e7\u00e3o de Rond\u00f4nia, passou a ser listado como sigiloso.<\/p>\n\n\n\n<p>O G1 procurou a assessoria do governador Marcos Rocha (PSL) mas n\u00e3o obteve resposta at\u00e9 a \u00faltima atualiza\u00e7\u00e3o desta reportagem.<\/p>\n\n\n\n<p><strong>Minist\u00e9rio P\u00fablico Federal<\/strong><br><\/p>\n\n\n\n<p>O procurador da Rep\u00fablica Raphael Bevilaqua informou na tarde desta quinta-feira (6) que um procedimento administrativo de investiga\u00e7\u00e3o deve ser aberto para apurar o assunto.<\/p>\n\n\n\n<figure class=\"wp-block-image\"><img decoding=\"async\" data-src=\"https:\/\/www.clickpb.com.br\/media\/filer_public\/8b\/30\/8b3047ca-f7ba-4e7f-800f-8f0f609d570d\/f94a1cf0-ca35-420b-a0cb-3914253a2bc6.jpg\" alt=\"\" src=\"data:image\/svg+xml;base64,PHN2ZyB3aWR0aD0iMSIgaGVpZ2h0PSIxIiB4bWxucz0iaHR0cDovL3d3dy53My5vcmcvMjAwMC9zdmciPjwvc3ZnPg==\" class=\"lazyload\" \/><\/figure>\n\n\n\n<figure class=\"wp-block-image\"><img decoding=\"async\" data-src=\"https:\/\/www.clickpb.com.br\/media\/filer_public\/30\/51\/30517c38-a303-4b45-a09f-f3756adeb663\/whatsapp-image-2020-02-06-at-162700.jpeg\" alt=\"\" src=\"data:image\/svg+xml;base64,PHN2ZyB3aWR0aD0iMSIgaGVpZ2h0PSIxIiB4bWxucz0iaHR0cDovL3d3dy53My5vcmcvMjAwMC9zdmciPjwvc3ZnPg==\" class=\"lazyload\" \/><\/figure>\n","protected":false},"excerpt":{"rendered":"<p>Um documento da Secretaria de Educa\u00e7\u00e3o de Rond\u00f4nia determinou nesta quinta-feira (6) o recolhimento nas escolas estaduais de 43 livros, entre os quais cl\u00e1ssicos como&hellip; <\/p>\n","protected":false},"author":1,"featured_media":130825,"comment_status":"closed","ping_status":"closed","sticky":false,"template":"","format":"standard","meta":{"sfsi_plus_gutenberg_text_before_share":"","sfsi_plus_gutenberg_show_text_before_share":"","sfsi_plus_gutenberg_icon_type":"","sfsi_plus_gutenberg_icon_alignemt":"","sfsi_plus_gutenburg_max_per_row":"","footnotes":""},"categories":[14],"tags":[],"class_list":["post-151963","post","type-post","status-publish","format-standard","has-post-thumbnail","hentry","category-educacao"],"_links":{"self":[{"href":"https:\/\/www.caririemacao.com\/1\/wp-json\/wp\/v2\/posts\/151963","targetHints":{"allow":["GET"]}}],"collection":[{"href":"https:\/\/www.caririemacao.com\/1\/wp-json\/wp\/v2\/posts"}],"about":[{"href":"https:\/\/www.caririemacao.com\/1\/wp-json\/wp\/v2\/types\/post"}],"author":[{"embeddable":true,"href":"https:\/\/www.caririemacao.com\/1\/wp-json\/wp\/v2\/users\/1"}],"replies":[{"embeddable":true,"href":"https:\/\/www.caririemacao.com\/1\/wp-json\/wp\/v2\/comments?post=151963"}],"version-history":[{"count":1,"href":"https:\/\/www.caririemacao.com\/1\/wp-json\/wp\/v2\/posts\/151963\/revisions"}],"predecessor-version":[{"id":151964,"href":"https:\/\/www.caririemacao.com\/1\/wp-json\/wp\/v2\/posts\/151963\/revisions\/151964"}],"wp:featuredmedia":[{"embeddable":true,"href":"https:\/\/www.caririemacao.com\/1\/wp-json\/wp\/v2\/media\/130825"}],"wp:attachment":[{"href":"https:\/\/www.caririemacao.com\/1\/wp-json\/wp\/v2\/media?parent=151963"}],"wp:term":[{"taxonomy":"category","embeddable":true,"href":"https:\/\/www.caririemacao.com\/1\/wp-json\/wp\/v2\/categories?post=151963"},{"taxonomy":"post_tag","embeddable":true,"href":"https:\/\/www.caririemacao.com\/1\/wp-json\/wp\/v2\/tags?post=151963"}],"curies":[{"name":"wp","href":"https:\/\/api.w.org\/{rel}","templated":true}]}}