{"id":151968,"date":"2020-02-07T07:23:12","date_gmt":"2020-02-07T10:23:12","guid":{"rendered":"http:\/\/www.caririemacao.com\/1\/?p=151968"},"modified":"2020-02-07T07:23:14","modified_gmt":"2020-02-07T10:23:14","slug":"jovem-comete-suicidio-em-serra-branca-vitima-era-bastante-conhecida-e-sofria-de-depressao","status":"publish","type":"post","link":"https:\/\/www.caririemacao.com\/1\/2020\/02\/07\/jovem-comete-suicidio-em-serra-branca-vitima-era-bastante-conhecida-e-sofria-de-depressao\/","title":{"rendered":"Jovem comete suic\u00eddio em Serra Branca; v\u00edtima era bastante conhecida e sofria de depress\u00e3o"},"content":{"rendered":"\n<p>A cidade de Serra Branca ficou mais triste nesta quinta-feira (06) com a not\u00edcia da partida repentina de mais um jovem. Leandro Justino Diniz, de apenas 26 anos, morreu v\u00edtima de enforcamento dentro de um quarto ao lado de sua casa, no bairro Pil\u00e3o em Serra Branca. A v\u00edtima tinha depress\u00e3o e era uma pessoa que se relacionava bem com todos na cidade.<\/p>\n\n\n\n<p>Segundo informa\u00e7\u00f5es apuradas pela reportagem do portal De Olho no Cariri, Leandro morava em um pequeno quarto ao lado de sua casa e foi encontrado j\u00e1 sem vida na tarde desta quinta. O corpo foi periciado e at\u00e9 o fechamento desta mat\u00e9ria a pol\u00edcia ainda n\u00e3o sabia ao certo em que hor\u00e1rio o jovem retirou sua pr\u00f3pria vida.<\/p>\n\n\n\n<p>A \u00faltima vez que familiares encontraram o jovem foi na noite desta quarta-feira (05) e ele estava aparentemente bem, segundo relato de sua m\u00e3e.<\/p>\n\n\n\n<p>Ningu\u00e9m esperava ato t\u00e3o extremo da parte de Leandro, especialmente porque apesar das dificuldades, ele n\u00e3o apresentava no momento problemas de sa\u00fade ou motivo grave aparente.<\/p>\n\n\n\n<p><strong>De Olho no Cariri<\/strong><\/p>\n","protected":false},"excerpt":{"rendered":"<p>A cidade de Serra Branca ficou mais triste nesta quinta-feira (06) com a not\u00edcia da partida repentina de mais um jovem. Leandro Justino Diniz, de&hellip; <\/p>\n","protected":false},"author":1,"featured_media":151969,"comment_status":"closed","ping_status":"closed","sticky":false,"template":"","format":"standard","meta":{"sfsi_plus_gutenberg_text_before_share":"","sfsi_plus_gutenberg_show_text_before_share":"","sfsi_plus_gutenberg_icon_type":"","sfsi_plus_gutenberg_icon_alignemt":"","sfsi_plus_gutenburg_max_per_row":"","footnotes":""},"categories":[50,12],"tags":[],"class_list":["post-151968","post","type-post","status-publish","format-standard","has-post-thumbnail","hentry","category-destaque","category-policia"],"_links":{"self":[{"href":"https:\/\/www.caririemacao.com\/1\/wp-json\/wp\/v2\/posts\/151968","targetHints":{"allow":["GET"]}}],"collection":[{"href":"https:\/\/www.caririemacao.com\/1\/wp-json\/wp\/v2\/posts"}],"about":[{"href":"https:\/\/www.caririemacao.com\/1\/wp-json\/wp\/v2\/types\/post"}],"author":[{"embeddable":true,"href":"https:\/\/www.caririemacao.com\/1\/wp-json\/wp\/v2\/users\/1"}],"replies":[{"embeddable":true,"href":"https:\/\/www.caririemacao.com\/1\/wp-json\/wp\/v2\/comments?post=151968"}],"version-history":[{"count":1,"href":"https:\/\/www.caririemacao.com\/1\/wp-json\/wp\/v2\/posts\/151968\/revisions"}],"predecessor-version":[{"id":151970,"href":"https:\/\/www.caririemacao.com\/1\/wp-json\/wp\/v2\/posts\/151968\/revisions\/151970"}],"wp:featuredmedia":[{"embeddable":true,"href":"https:\/\/www.caririemacao.com\/1\/wp-json\/wp\/v2\/media\/151969"}],"wp:attachment":[{"href":"https:\/\/www.caririemacao.com\/1\/wp-json\/wp\/v2\/media?parent=151968"}],"wp:term":[{"taxonomy":"category","embeddable":true,"href":"https:\/\/www.caririemacao.com\/1\/wp-json\/wp\/v2\/categories?post=151968"},{"taxonomy":"post_tag","embeddable":true,"href":"https:\/\/www.caririemacao.com\/1\/wp-json\/wp\/v2\/tags?post=151968"}],"curies":[{"name":"wp","href":"https:\/\/api.w.org\/{rel}","templated":true}]}}