{"id":151972,"date":"2020-02-07T07:28:53","date_gmt":"2020-02-07T10:28:53","guid":{"rendered":"http:\/\/www.caririemacao.com\/1\/?p=151972"},"modified":"2020-02-07T07:28:55","modified_gmt":"2020-02-07T10:28:55","slug":"cidade-do-trabalho-2-e-lancado-em-monteiro-com-grande-participacao-popular","status":"publish","type":"post","link":"https:\/\/www.caririemacao.com\/1\/2020\/02\/07\/cidade-do-trabalho-2-e-lancado-em-monteiro-com-grande-participacao-popular\/","title":{"rendered":"Cidade do Trabalho 2 \u00e9 lan\u00e7ado em Monteiro com grande participa\u00e7\u00e3o popular"},"content":{"rendered":"\n<p>A prefeita Anna Lorena, juntamente com o vice-prefeito Celecileno Alves, ao lado de vereadores, secret\u00e1rios e cerca de 1.500 pessoas lan\u00e7ou na tarde desta quarta-feira, 05, um pacote de a\u00e7\u00f5es denominado Cidade Trabalho que chega a sua segunda edi\u00e7\u00e3o gerando emprego e renda por meio de obras e investimentos no munic\u00edpio de Monteiro.<\/p>\n\n\n\n<div class=\"wp-block-image\"><figure class=\"alignright\"><img decoding=\"async\" data-src=\"http:\/\/deolhonocariri.com.br\/wp-content\/uploads\/2020\/02\/Cidade-do-Trabalho-2-%C3%A9-lan%C3%A7ado-em-Monteiro-com-grande-participa%C3%A7%C3%A3o-popular-3.jpeg\" alt=\"\" class=\"wp-image-77589 lazyload\" src=\"data:image\/svg+xml;base64,PHN2ZyB3aWR0aD0iMSIgaGVpZ2h0PSIxIiB4bWxucz0iaHR0cDovL3d3dy53My5vcmcvMjAwMC9zdmciPjwvc3ZnPg==\" \/><\/figure><\/div>\n\n\n\n<p>Antes do an\u00fancio das obras e servi\u00e7os que somam um valor acima de R$15 milh\u00f5es de reais, houve a presta\u00e7\u00e3o de contas das obras realizadas pelo munic\u00edpio, as que est\u00e3o em fase de andamento, bem como informa\u00e7\u00f5es a cerca de algumas em atraso.<\/p>\n\n\n\n<p>Na Educa\u00e7\u00e3o, a prefeita Anna Lorena anunciou a constru\u00e7\u00e3o de uma creche no bairro do Conjunto Mariz \u2013 Mutir\u00e3o \u2013 or\u00e7ada em R$ 2.027.365,05, outra no Alto da Serra or\u00e7ada em R$ 2.241.950,07. Outra melhoria na \u00e1rea educacional se dar\u00e1 com a aquisi\u00e7\u00e3o de tr\u00eas \u00f4nibus escolares no valor de R$ 684 mil e a aquisi\u00e7\u00e3o de 50 ar condicionados para climatiza\u00e7\u00e3o de salas de aulas com investimentos de R$ 200 mil. Em parceria com o Governo do Estado a constru\u00e7\u00e3o de uma Escola T\u00e9cnica Estadual no valor de R$ 4,2 milh\u00f5es, outra Escola padr\u00e3o do Governo do Estado no bairro do Matadouro or\u00e7ada em R$ 900 mil.<\/p>\n\n\n\n<div class=\"wp-block-image\"><figure class=\"alignleft\"><img decoding=\"async\" data-src=\"http:\/\/deolhonocariri.com.br\/wp-content\/uploads\/2020\/02\/Cidade-do-Trabalho-2-%C3%A9-lan%C3%A7ado-em-Monteiro-com-grande-participa%C3%A7%C3%A3o-popular-1.jpeg\" alt=\"\" class=\"wp-image-77590 lazyload\" src=\"data:image\/svg+xml;base64,PHN2ZyB3aWR0aD0iMSIgaGVpZ2h0PSIxIiB4bWxucz0iaHR0cDovL3d3dy53My5vcmcvMjAwMC9zdmciPjwvc3ZnPg==\" \/><\/figure><\/div>\n\n\n\n<p>Ainda beneficiando o munic\u00edpio o Governo do Estado vai ceder a Escola Estadual Santa Filomena que passar\u00e1 por uma ampla reforma no valor de R$ 350 mil.<\/p>\n\n\n\n<p>Na \u00e1rea da Sa\u00fade a gestora anunciou o investimento de R$ 250 mil para custeio e ainda a constru\u00e7\u00e3o de uma Academia de Sa\u00fade no Alto da Serra no valor de R$ 125 mil. Na Agricultura o investimento ser\u00e1 destinado \u00e0 constru\u00e7\u00e3o de 95 cisternas or\u00e7adas em valor superior a R$ 350 mil reais.<\/p>\n\n\n\n<p>Na \u00e1rea da infraestrutura os recursos ser\u00e3o destinados \u00e0 pavimenta\u00e7\u00e3o em paralelep\u00edpedos de mais de 30 ruas com investimentos de mais de R$ 3 milh\u00f5es entre recursos pr\u00f3prios e emendas federais, \u00e0 constru\u00e7\u00e3o da segunda etapa e conclus\u00e3o das obras do Est\u00e1dio Feitos\u00e3o com recursos j\u00e1 assegurados &nbsp;no valor de R$ 478 mil, e para a constru\u00e7\u00e3o da Pra\u00e7a de Eventos Culturais e de Exposi\u00e7\u00e3o de Animais \u2013 &nbsp;que homenagear\u00e1 o monteirense Dejinha de Monteiro , no valor de R$ 717 mil.<\/p>\n\n\n\n<div class=\"wp-block-image\"><figure class=\"aligncenter\"><img decoding=\"async\" data-src=\"http:\/\/deolhonocariri.com.br\/wp-content\/uploads\/2020\/02\/Cidade-do-Trabalho-2-%C3%A9-lan%C3%A7ado-em-Monteiro-com-grande-participa%C3%A7%C3%A3o-popular-6.jpeg\" alt=\"\" class=\"wp-image-77588 lazyload\" src=\"data:image\/svg+xml;base64,PHN2ZyB3aWR0aD0iMSIgaGVpZ2h0PSIxIiB4bWxucz0iaHR0cDovL3d3dy53My5vcmcvMjAwMC9zdmciPjwvc3ZnPg==\" \/><\/figure><\/div>\n\n\n\n<p>A prefeita Anna Lorena ainda fez quest\u00e3o de frisar que a parceria com o Estado ainda se d\u00e1 atrav\u00e9s do in\u00edcio das obras e de inaugura\u00e7\u00f5es a exemplo do Conjunto Cidade Madura, da ilumina\u00e7\u00e3o da pista de pouso do Aer\u00f3dromo Lourival Nunes de Farias e a inaugura\u00e7\u00e3o da Casa da Cidadania prevista para o m\u00eas de mar\u00e7o.<\/p>\n\n\n\n<div class=\"wp-block-image\"><figure class=\"aligncenter\"><img decoding=\"async\" data-src=\"http:\/\/deolhonocariri.com.br\/wp-content\/uploads\/2020\/02\/Cidade-do-Trabalho-2-%C3%A9-lan%C3%A7ado-em-Monteiro-com-grande-participa%C3%A7%C3%A3o-popular-12.jpeg\" alt=\"\" class=\"wp-image-77591 lazyload\" src=\"data:image\/svg+xml;base64,PHN2ZyB3aWR0aD0iMSIgaGVpZ2h0PSIxIiB4bWxucz0iaHR0cDovL3d3dy53My5vcmcvMjAwMC9zdmciPjwvc3ZnPg==\" \/><\/figure><\/div>\n\n\n\n<p>Al\u00e9m da frut\u00edfera parceria com o Governo do Estado, a gestora ainda agradeceu aos deputados estaduais a exemplo do presidente da ALPB, Adriano Galdino, dos deputados federais Wellington Roberto e Ednac\u00e9 Henrique.<\/p>\n\n\n\n<p>\u201c\u00c9 com muita satisfa\u00e7\u00e3o e honra que anunciamos aos monteirenses o novo pacote de obras para o munic\u00edpio. Damos satisfa\u00e7\u00e3o tamb\u00e9m sobre as obras que n\u00e3o por nossa vontade, mas por parte de empresas, est\u00e3o em atraso. Mas enfim, temos um orgulho no peito em mostrar pelo que estamos lutando, trazendo resultados, obras, empregos, renda, assist\u00eancia, para nossa amada cidade\u201d, expressou Anna Lorena ap\u00f3s o evento em entrevista.<\/p>\n\n\n\n<p><em>Ascom PMM<\/em><\/p>\n","protected":false},"excerpt":{"rendered":"<p>A prefeita Anna Lorena, juntamente com o vice-prefeito Celecileno Alves, ao lado de vereadores, secret\u00e1rios e cerca de 1.500 pessoas lan\u00e7ou na tarde desta quarta-feira,&hellip; <\/p>\n","protected":false},"author":1,"featured_media":151973,"comment_status":"closed","ping_status":"closed","sticky":false,"template":"","format":"standard","meta":{"sfsi_plus_gutenberg_text_before_share":"","sfsi_plus_gutenberg_show_text_before_share":"","sfsi_plus_gutenberg_icon_type":"","sfsi_plus_gutenberg_icon_alignemt":"","sfsi_plus_gutenburg_max_per_row":"","footnotes":""},"categories":[6,50],"tags":[],"class_list":["post-151972","post","type-post","status-publish","format-standard","has-post-thumbnail","hentry","category-cidades","category-destaque"],"_links":{"self":[{"href":"https:\/\/www.caririemacao.com\/1\/wp-json\/wp\/v2\/posts\/151972","targetHints":{"allow":["GET"]}}],"collection":[{"href":"https:\/\/www.caririemacao.com\/1\/wp-json\/wp\/v2\/posts"}],"about":[{"href":"https:\/\/www.caririemacao.com\/1\/wp-json\/wp\/v2\/types\/post"}],"author":[{"embeddable":true,"href":"https:\/\/www.caririemacao.com\/1\/wp-json\/wp\/v2\/users\/1"}],"replies":[{"embeddable":true,"href":"https:\/\/www.caririemacao.com\/1\/wp-json\/wp\/v2\/comments?post=151972"}],"version-history":[{"count":1,"href":"https:\/\/www.caririemacao.com\/1\/wp-json\/wp\/v2\/posts\/151972\/revisions"}],"predecessor-version":[{"id":151974,"href":"https:\/\/www.caririemacao.com\/1\/wp-json\/wp\/v2\/posts\/151972\/revisions\/151974"}],"wp:featuredmedia":[{"embeddable":true,"href":"https:\/\/www.caririemacao.com\/1\/wp-json\/wp\/v2\/media\/151973"}],"wp:attachment":[{"href":"https:\/\/www.caririemacao.com\/1\/wp-json\/wp\/v2\/media?parent=151972"}],"wp:term":[{"taxonomy":"category","embeddable":true,"href":"https:\/\/www.caririemacao.com\/1\/wp-json\/wp\/v2\/categories?post=151972"},{"taxonomy":"post_tag","embeddable":true,"href":"https:\/\/www.caririemacao.com\/1\/wp-json\/wp\/v2\/tags?post=151972"}],"curies":[{"name":"wp","href":"https:\/\/api.w.org\/{rel}","templated":true}]}}