{"id":151982,"date":"2020-02-07T07:33:47","date_gmt":"2020-02-07T10:33:47","guid":{"rendered":"http:\/\/www.caririemacao.com\/1\/?p=151982"},"modified":"2020-02-07T07:33:48","modified_gmt":"2020-02-07T10:33:48","slug":"conselho-do-ministro-da-saude-para-o-carnaval-etiqueta-respiratoria","status":"publish","type":"post","link":"https:\/\/www.caririemacao.com\/1\/2020\/02\/07\/conselho-do-ministro-da-saude-para-o-carnaval-etiqueta-respiratoria\/","title":{"rendered":"Conselho do Ministro da Sa\u00fade para o carnaval: \u201cEtiqueta respirat\u00f3ria\u201d"},"content":{"rendered":"\n<p>O ministro da Sa\u00fade, Luiz Henrique Mandetta, disse nesta quinta-feira (6) que a pasta n\u00e3o planeja a\u00e7\u00f5es para o Carnaval devido ao novo coronav\u00edrus. \u201cDeixa o Carnaval\u201d, brincou ao ser questionado por secret\u00e1rios de sa\u00fade sobre a\u00e7\u00f5es que poderiam estar previstas.<\/p>\n\n\n\n<p>Em seguida, por\u00e9m, recomendou a estados que orientem medidas de \u201cetiqueta respirat\u00f3ria\u201d comuns para evitar outras doen\u00e7as.<\/p>\n\n\n\n<p>\u201cCarnaval \u00e9 vida que segue. O que estamos colocando \u00e9 etiqueta respirat\u00f3ria. Lavar as m\u00e3os v\u00e1rias vezes ao dia, se for espirrar, colocar o cotovelo na frente. Tentar falar isso no Carnaval a gente fala, que a pessoa tem que ter um pouco mais de etiqueta [respirat\u00f3ria] no Carnaval. Mas n\u00e3o conhe\u00e7o ainda o impacto disso\u201d, disse.<\/p>\n\n\n\n<p>Em seguida, brincou: \u201cVoc\u00eas que s\u00e3o secret\u00e1rios estaduais dialoguem com os seus carnavalescos e pe\u00e7am um pouco mais de etiqueta carnavalesca, mais aqueles bailes de sal\u00e3o de antigamente, colombina, menos pipoca atr\u00e1s do trio el\u00e9trico [ri]. N\u00e3o sei como voc\u00eas v\u00e3o fazer, fa\u00e7am do seu jeito. Mas n\u00e3o tem efic\u00e1cia nenhuma a gente ter esse tipo de coisa [restri\u00e7\u00f5es], sen\u00e3o daqui a pouco v\u00e3o falar para o futebol, para o avi\u00e3o\u201d, afirmou.<\/p>\n\n\n\n<p>No encontro, Mandetta tamb\u00e9m descartou a possibilidade de campanhas espec\u00edficas no momento devido ao novo coronav\u00edrus.<\/p>\n\n\n\n<p>\u201cSeria um gasto de uma situa\u00e7\u00e3o que ainda n\u00e3o se p\u00f5e\u201d, diz.<\/p>\n\n\n\n<p>Mesmo sem casos confirmados de coronav\u00edrus, representantes do Minist\u00e9rio da Sa\u00fade se reuniram nesta quinta com secret\u00e1rios de sa\u00fade e estados e capitais para discutir a\u00e7\u00f5es para controle.<\/p>\n\n\n\n<p>O objetivo \u00e9 preparar a rede de sa\u00fade diante da possibilidade de chegada do novo v\u00edrus ao pa\u00eds.<\/p>\n\n\n\n<p>\u201c\u00c9 uma nova empreitada em que somos colocados \u00e0 prova\u201d, disse no in\u00edcio do encontro o presidente do Conass, conselho que representa secret\u00e1rios estaduais de sa\u00fade, Alberto Beltrame. \u201cMas at\u00e9 agora temos sido aprovados\u201d, completou.<\/p>\n\n\n\n<p>Segundo ele, estados j\u00e1 finalizaram planos de conting\u00eancia em caso de casos confirmados. Ap\u00f3s o encontro, a previs\u00e3o \u00e9 que vers\u00f5es atualizadas de cada plano sejam apresentadas ao minist\u00e9rio at\u00e9 ter\u00e7a-feira.<\/p>\n\n\n\n<p>No encontro, parte dos secret\u00e1rios de sa\u00fade ainda citaram preocupa\u00e7\u00e3o com a possibilidade de falta de equipamentos de prote\u00e7\u00e3o individual, em um contexto em que fornecedores t\u00eam citado aumento na demanda, e com a aquisi\u00e7\u00e3o de insumos que antes eram comprados da China, devido ao risco de que o pa\u00eds suspenda parte da produ\u00e7\u00e3o.<\/p>\n\n\n\n<p>Em resposta, representantes do Minist\u00e9rio da Sa\u00fade disseram que finalizam um edital para compra de equipamentos de prote\u00e7\u00e3o individual, como luvas, touca e m\u00e1scaras.<\/p>\n\n\n\n<p>A previs\u00e3o \u00e9 que sejam gastos R$ 140 milh\u00f5es.<\/p>\n\n\n\n<p>De acordo com Mandetta, apesar de n\u00e3o ter casos confirmados, a pasta tem trabalhado com um cen\u00e1rio \u201cintermedi\u00e1rio\u201d de impacto para planejar a\u00e7\u00f5es.<\/p>\n\n\n\n<p>\u201cTemos desde o cen\u00e1rio de que n\u00e3o vai ter nenhum caso, um intermedi\u00e1rio e um cen\u00e1rio de risco elevad\u00edssimo. Temos trabalhado com o intermedi\u00e1rio. Esse deve ser o tom da cautela\u201d, disse.<\/p>\n\n\n\n<p>Questionado sobre a possibilidade de enviar mais recursos a estados para vigil\u00e2ncia, Mandetta disse que o governo est\u00e1 aberto a discutir o tema em caso de necessidade, mas n\u00e3o citou valores.<\/p>\n","protected":false},"excerpt":{"rendered":"<p>O ministro da Sa\u00fade, Luiz Henrique Mandetta, disse nesta quinta-feira (6) que a pasta n\u00e3o planeja a\u00e7\u00f5es para o Carnaval devido ao novo coronav\u00edrus. \u201cDeixa&hellip; <\/p>\n","protected":false},"author":1,"featured_media":151983,"comment_status":"closed","ping_status":"closed","sticky":false,"template":"","format":"standard","meta":{"sfsi_plus_gutenberg_text_before_share":"","sfsi_plus_gutenberg_show_text_before_share":"","sfsi_plus_gutenberg_icon_type":"","sfsi_plus_gutenberg_icon_alignemt":"","sfsi_plus_gutenburg_max_per_row":"","footnotes":""},"categories":[16],"tags":[],"class_list":["post-151982","post","type-post","status-publish","format-standard","has-post-thumbnail","hentry","category-saude"],"_links":{"self":[{"href":"https:\/\/www.caririemacao.com\/1\/wp-json\/wp\/v2\/posts\/151982","targetHints":{"allow":["GET"]}}],"collection":[{"href":"https:\/\/www.caririemacao.com\/1\/wp-json\/wp\/v2\/posts"}],"about":[{"href":"https:\/\/www.caririemacao.com\/1\/wp-json\/wp\/v2\/types\/post"}],"author":[{"embeddable":true,"href":"https:\/\/www.caririemacao.com\/1\/wp-json\/wp\/v2\/users\/1"}],"replies":[{"embeddable":true,"href":"https:\/\/www.caririemacao.com\/1\/wp-json\/wp\/v2\/comments?post=151982"}],"version-history":[{"count":1,"href":"https:\/\/www.caririemacao.com\/1\/wp-json\/wp\/v2\/posts\/151982\/revisions"}],"predecessor-version":[{"id":151984,"href":"https:\/\/www.caririemacao.com\/1\/wp-json\/wp\/v2\/posts\/151982\/revisions\/151984"}],"wp:featuredmedia":[{"embeddable":true,"href":"https:\/\/www.caririemacao.com\/1\/wp-json\/wp\/v2\/media\/151983"}],"wp:attachment":[{"href":"https:\/\/www.caririemacao.com\/1\/wp-json\/wp\/v2\/media?parent=151982"}],"wp:term":[{"taxonomy":"category","embeddable":true,"href":"https:\/\/www.caririemacao.com\/1\/wp-json\/wp\/v2\/categories?post=151982"},{"taxonomy":"post_tag","embeddable":true,"href":"https:\/\/www.caririemacao.com\/1\/wp-json\/wp\/v2\/tags?post=151982"}],"curies":[{"name":"wp","href":"https:\/\/api.w.org\/{rel}","templated":true}]}}