{"id":151993,"date":"2020-02-07T07:36:26","date_gmt":"2020-02-07T10:36:26","guid":{"rendered":"http:\/\/www.caririemacao.com\/1\/?p=151993"},"modified":"2020-02-07T07:36:28","modified_gmt":"2020-02-07T10:36:28","slug":"saiba-mais-da-lei-que-exige-treinamento-de-primeiros-socorros-em-ambientes-escolares","status":"publish","type":"post","link":"https:\/\/www.caririemacao.com\/1\/2020\/02\/07\/saiba-mais-da-lei-que-exige-treinamento-de-primeiros-socorros-em-ambientes-escolares\/","title":{"rendered":"Saiba mais da lei que exige treinamento de primeiros socorros em ambientes escolares"},"content":{"rendered":"\n<p>O professor Willian Oliveira falou, durante entrevista concedida a uma emissora de r\u00e1dio local, sobre a Lei Lucas.<\/p>\n\n\n\n<p>Essa lei foi criada depois da morte de Lucas Begalli, que tinha apenas 10 anos.<\/p>\n\n\n\n<p>Lucas perdeu a vida quando se engasgou com um peda\u00e7o de salsicha do cachorro quente, que serviram no lanche em uma excurs\u00e3o da escola que frequentava localizada na cidade de Campinas, em S\u00e3o Paulo.<\/p>\n\n\n\n<p>Segundo Willian, a Lei Lucas tem a finalidade de proteger as crian\u00e7as de acidentes em ambientes escolares.<\/p>\n\n\n\n<p>\u2013 Na verdade, a Lei Lucas \u00e9 uma lei federal que foi sancionada em 4 de outubro de 2018 e entrou em vigor 180 dias ap\u00f3s a sua san\u00e7\u00e3o. Essa lei ficou nacionalmente conhecida como Lei Lucas em virtude de toda uma mobiliza\u00e7\u00e3o nacional que houve em decorr\u00eancia da morte do garoto Lucas em decorr\u00eancia de um engasgo por n\u00e3o ter profissionais minimamente qualificados e treinados para realizar o atendimento imediato, que poderia ter preservado a vida dessa crian\u00e7a- explicou.<\/p>\n\n\n\n<p>Por fim, Willian destacou que a lei obriga as escolas a se prepararem para atendimentos de primeiros socorros.<\/p>\n\n\n\n<p>\u2013 Essa lei torna obrigat\u00f3ria a capacita\u00e7\u00e3o de professores e funcion\u00e1rios de institui\u00e7\u00f5es tanto da rede p\u00fablica, quanto da rede privada- concluiu.<\/p>\n","protected":false},"excerpt":{"rendered":"<p>O professor Willian Oliveira falou, durante entrevista concedida a uma emissora de r\u00e1dio local, sobre a Lei Lucas. Essa lei foi criada depois da morte&hellip; <\/p>\n","protected":false},"author":1,"featured_media":151994,"comment_status":"closed","ping_status":"closed","sticky":false,"template":"","format":"standard","meta":{"sfsi_plus_gutenberg_text_before_share":"","sfsi_plus_gutenberg_show_text_before_share":"","sfsi_plus_gutenberg_icon_type":"","sfsi_plus_gutenberg_icon_alignemt":"","sfsi_plus_gutenburg_max_per_row":"","footnotes":""},"categories":[50,14],"tags":[],"class_list":["post-151993","post","type-post","status-publish","format-standard","has-post-thumbnail","hentry","category-destaque","category-educacao"],"_links":{"self":[{"href":"https:\/\/www.caririemacao.com\/1\/wp-json\/wp\/v2\/posts\/151993","targetHints":{"allow":["GET"]}}],"collection":[{"href":"https:\/\/www.caririemacao.com\/1\/wp-json\/wp\/v2\/posts"}],"about":[{"href":"https:\/\/www.caririemacao.com\/1\/wp-json\/wp\/v2\/types\/post"}],"author":[{"embeddable":true,"href":"https:\/\/www.caririemacao.com\/1\/wp-json\/wp\/v2\/users\/1"}],"replies":[{"embeddable":true,"href":"https:\/\/www.caririemacao.com\/1\/wp-json\/wp\/v2\/comments?post=151993"}],"version-history":[{"count":1,"href":"https:\/\/www.caririemacao.com\/1\/wp-json\/wp\/v2\/posts\/151993\/revisions"}],"predecessor-version":[{"id":151995,"href":"https:\/\/www.caririemacao.com\/1\/wp-json\/wp\/v2\/posts\/151993\/revisions\/151995"}],"wp:featuredmedia":[{"embeddable":true,"href":"https:\/\/www.caririemacao.com\/1\/wp-json\/wp\/v2\/media\/151994"}],"wp:attachment":[{"href":"https:\/\/www.caririemacao.com\/1\/wp-json\/wp\/v2\/media?parent=151993"}],"wp:term":[{"taxonomy":"category","embeddable":true,"href":"https:\/\/www.caririemacao.com\/1\/wp-json\/wp\/v2\/categories?post=151993"},{"taxonomy":"post_tag","embeddable":true,"href":"https:\/\/www.caririemacao.com\/1\/wp-json\/wp\/v2\/tags?post=151993"}],"curies":[{"name":"wp","href":"https:\/\/api.w.org\/{rel}","templated":true}]}}