{"id":151996,"date":"2020-02-07T07:43:34","date_gmt":"2020-02-07T10:43:34","guid":{"rendered":"http:\/\/www.caririemacao.com\/1\/?p=151996"},"modified":"2020-02-07T07:43:36","modified_gmt":"2020-02-07T10:43:36","slug":"bandidos-invadem-mercadinho-fazem-funcionaria-refem-e-levam-todo-o-dinheiro-do-estabelecimento","status":"publish","type":"post","link":"https:\/\/www.caririemacao.com\/1\/2020\/02\/07\/bandidos-invadem-mercadinho-fazem-funcionaria-refem-e-levam-todo-o-dinheiro-do-estabelecimento\/","title":{"rendered":"Bandidos invadem mercadinho, fazem funcion\u00e1ria ref\u00e9m e levam todo o dinheiro do estabelecimento"},"content":{"rendered":"\n<p>Tre\u00eas homens armados invadiram um mercadinho, na noite desta quinta-feira (6), no bairro Jardim Veneza, em Jo\u00e3o Pessoa.&nbsp; De acordo com informa\u00e7\u00f5es, eles chegaram ao local por volta das 20h e anunciaram o assalto.&nbsp;<\/p>\n\n\n\n<p>Uma funcion\u00e1ria do estabelecimento foi feita ref\u00e9m e todo o dinheiro do caixa foi roubado.&nbsp;<\/p>\n\n\n\n<p>Ap\u00f3s o crime, os criminoso fugiram. N\u00e3o foi informado a quantia que foi roubada do local.&nbsp;<\/p>\n\n\n\n<p>A Pol\u00edcia foi acionada, mas ningu\u00e9m foi preso at\u00e9 o momento. C\u00e2meras de seguran\u00e7a do local podem ajudar a Pol\u00edcia a identificar os assaltantes.&nbsp;<\/p>\n\n\n\n<p>Ningu\u00e9m ficou ferido.&nbsp;<\/p>\n","protected":false},"excerpt":{"rendered":"<p>Tre\u00eas homens armados invadiram um mercadinho, na noite desta quinta-feira (6), no bairro Jardim Veneza, em Jo\u00e3o Pessoa.&nbsp; De acordo com informa\u00e7\u00f5es, eles chegaram ao&hellip; <\/p>\n","protected":false},"author":1,"featured_media":151998,"comment_status":"closed","ping_status":"closed","sticky":false,"template":"","format":"standard","meta":{"sfsi_plus_gutenberg_text_before_share":"","sfsi_plus_gutenberg_show_text_before_share":"","sfsi_plus_gutenberg_icon_type":"","sfsi_plus_gutenberg_icon_alignemt":"","sfsi_plus_gutenburg_max_per_row":"","footnotes":""},"categories":[12],"tags":[],"class_list":["post-151996","post","type-post","status-publish","format-standard","has-post-thumbnail","hentry","category-policia"],"_links":{"self":[{"href":"https:\/\/www.caririemacao.com\/1\/wp-json\/wp\/v2\/posts\/151996","targetHints":{"allow":["GET"]}}],"collection":[{"href":"https:\/\/www.caririemacao.com\/1\/wp-json\/wp\/v2\/posts"}],"about":[{"href":"https:\/\/www.caririemacao.com\/1\/wp-json\/wp\/v2\/types\/post"}],"author":[{"embeddable":true,"href":"https:\/\/www.caririemacao.com\/1\/wp-json\/wp\/v2\/users\/1"}],"replies":[{"embeddable":true,"href":"https:\/\/www.caririemacao.com\/1\/wp-json\/wp\/v2\/comments?post=151996"}],"version-history":[{"count":1,"href":"https:\/\/www.caririemacao.com\/1\/wp-json\/wp\/v2\/posts\/151996\/revisions"}],"predecessor-version":[{"id":151999,"href":"https:\/\/www.caririemacao.com\/1\/wp-json\/wp\/v2\/posts\/151996\/revisions\/151999"}],"wp:featuredmedia":[{"embeddable":true,"href":"https:\/\/www.caririemacao.com\/1\/wp-json\/wp\/v2\/media\/151998"}],"wp:attachment":[{"href":"https:\/\/www.caririemacao.com\/1\/wp-json\/wp\/v2\/media?parent=151996"}],"wp:term":[{"taxonomy":"category","embeddable":true,"href":"https:\/\/www.caririemacao.com\/1\/wp-json\/wp\/v2\/categories?post=151996"},{"taxonomy":"post_tag","embeddable":true,"href":"https:\/\/www.caririemacao.com\/1\/wp-json\/wp\/v2\/tags?post=151996"}],"curies":[{"name":"wp","href":"https:\/\/api.w.org\/{rel}","templated":true}]}}