{"id":151997,"date":"2020-02-07T08:33:51","date_gmt":"2020-02-07T11:33:51","guid":{"rendered":"http:\/\/www.caririemacao.com\/1\/?p=151997"},"modified":"2020-02-07T08:33:52","modified_gmt":"2020-02-07T11:33:52","slug":"11o-batalhao-promove-dia-da-saude-para-policiais-militares-do-cariri","status":"publish","type":"post","link":"https:\/\/www.caririemacao.com\/1\/2020\/02\/07\/11o-batalhao-promove-dia-da-saude-para-policiais-militares-do-cariri\/","title":{"rendered":"11\u00ba BATALH\u00c3O PROMOVE \u201cDIA DA SA\u00daDE\u201d PARA POLICIAIS MILITARES DO CARIRI"},"content":{"rendered":"\n<p>A Pol\u00edcia Militar da Para\u00edba completou na \u00faltima segunda feira (3), 188 anos de funda\u00e7\u00e3o. E para celebrar a data, o 11\u00ba Batalh\u00e3o de Pol\u00edcia Militar no cariri paraibano, em parceria com a 5\u00aa Regional de Sa\u00fade, realizaram uma s\u00e9rie de a\u00e7\u00f5es de sa\u00fade voltadas para os profissionais de seguran\u00e7a p\u00fablica da institui\u00e7\u00e3o.<\/p>\n\n\n\n<p>Na programa\u00e7\u00e3o de atividades, foram realizadas na manh\u00e3 do dia 06 de fevereiro de 2020, uma palestra na sede do 5\u00aa Regional de Sa\u00fade sobre qualidade de vida, ministrada pelo Educador F\u00edsico Davi Augusto Cordeiro da Mota. Entre os diversos assuntos repassados e discutidos, foram tratados alguns temas bastante pertinentes, como m\u00e1 alimenta\u00e7\u00e3o, vida estressada e sedentarismo, al\u00e9m da preven\u00e7\u00e3o \u00e0 hipertens\u00e3o e diabetes, e a import\u00e2ncia de uma vida ativa com atividades f\u00edsicas. <\/p>\n\n\n\n<p>Outro momento importante foi a disponibiliza\u00e7\u00e3o de diversos profissionais da 5\u00aa Regional de Sa\u00fade, como nutricionistas, enfermeiros, e agentes t\u00e9cnicos que fizeram servi\u00e7os de aferi\u00e7\u00e3o de press\u00e3o arterial, testes de \u00cdndice de Massa Corp\u00f3rea (IMC), teste de glicemia e de testes r\u00e1pidos para diagn\u00f3stico de HIV, da s\u00edfilis e das hepatites virais B e C. <\/p>\n\n\n\n<p><em>MAJOR QOC SAMARONI<\/em><br>\nCMT 11\u00b0 BPM<\/p>\n\n\n\n<p><em>MAJOR QOC BRUNO<\/em><br>\nSUB CMT 11\u00b0 BPM<\/p>\n","protected":false},"excerpt":{"rendered":"<p>A Pol\u00edcia Militar da Para\u00edba completou na \u00faltima segunda feira (3), 188 anos de funda\u00e7\u00e3o. E para celebrar a data, o 11\u00ba Batalh\u00e3o de Pol\u00edcia&hellip; <\/p>\n","protected":false},"author":2,"featured_media":152046,"comment_status":"closed","ping_status":"closed","sticky":false,"template":"","format":"standard","meta":{"sfsi_plus_gutenberg_text_before_share":"","sfsi_plus_gutenberg_show_text_before_share":"","sfsi_plus_gutenberg_icon_type":"","sfsi_plus_gutenberg_icon_alignemt":"","sfsi_plus_gutenburg_max_per_row":"","footnotes":""},"categories":[50,12],"tags":[],"class_list":["post-151997","post","type-post","status-publish","format-standard","has-post-thumbnail","hentry","category-destaque","category-policia"],"_links":{"self":[{"href":"https:\/\/www.caririemacao.com\/1\/wp-json\/wp\/v2\/posts\/151997","targetHints":{"allow":["GET"]}}],"collection":[{"href":"https:\/\/www.caririemacao.com\/1\/wp-json\/wp\/v2\/posts"}],"about":[{"href":"https:\/\/www.caririemacao.com\/1\/wp-json\/wp\/v2\/types\/post"}],"author":[{"embeddable":true,"href":"https:\/\/www.caririemacao.com\/1\/wp-json\/wp\/v2\/users\/2"}],"replies":[{"embeddable":true,"href":"https:\/\/www.caririemacao.com\/1\/wp-json\/wp\/v2\/comments?post=151997"}],"version-history":[{"count":1,"href":"https:\/\/www.caririemacao.com\/1\/wp-json\/wp\/v2\/posts\/151997\/revisions"}],"predecessor-version":[{"id":152047,"href":"https:\/\/www.caririemacao.com\/1\/wp-json\/wp\/v2\/posts\/151997\/revisions\/152047"}],"wp:featuredmedia":[{"embeddable":true,"href":"https:\/\/www.caririemacao.com\/1\/wp-json\/wp\/v2\/media\/152046"}],"wp:attachment":[{"href":"https:\/\/www.caririemacao.com\/1\/wp-json\/wp\/v2\/media?parent=151997"}],"wp:term":[{"taxonomy":"category","embeddable":true,"href":"https:\/\/www.caririemacao.com\/1\/wp-json\/wp\/v2\/categories?post=151997"},{"taxonomy":"post_tag","embeddable":true,"href":"https:\/\/www.caririemacao.com\/1\/wp-json\/wp\/v2\/tags?post=151997"}],"curies":[{"name":"wp","href":"https:\/\/api.w.org\/{rel}","templated":true}]}}