{"id":152000,"date":"2020-02-07T07:44:46","date_gmt":"2020-02-07T10:44:46","guid":{"rendered":"http:\/\/www.caririemacao.com\/1\/?p=152000"},"modified":"2020-02-07T07:44:48","modified_gmt":"2020-02-07T10:44:48","slug":"stf-decide-que-reus-podem-fazer-concursos","status":"publish","type":"post","link":"https:\/\/www.caririemacao.com\/1\/2020\/02\/07\/stf-decide-que-reus-podem-fazer-concursos\/","title":{"rendered":"STF decide que r\u00e9us podem fazer concursos"},"content":{"rendered":"\n<p>O Supremo Tribunal Federal (STF) decidiu que candidatos que respondem a processo criminal n\u00e3o podem ser impedidos de participar de concurso p\u00fablico. Por oito votos a um, na \u00faltima quarta-feira, os ministros afirmaram que o candidato s\u00f3 pode ser exclu\u00eddo da disputa se for condenado de forma definitiva, quando todos os recursos judiciais \u00e0 disposi\u00e7\u00e3o do r\u00e9u tiverem sido examinados. A decis\u00e3o tem repercuss\u00e3o geral \u2013 ou seja, ju\u00edzes de todo o pa\u00eds dever\u00e3o seguir o mesmo entendimento ao analisar processos semelhantes.<\/p>\n\n\n\n<p>O recurso julgado foi de um candidato impedido de fazer o Curso de Forma\u00e7\u00e3o de Cabos da Pol\u00edcia Militar do Distrito Federal. O governo local sustentou que policiais investigados por cometimento de crimes n\u00e3o podem ser promovidos, mesmo que n\u00e3o tenham sido condenados. O governo argumentou que uma regra administrativa pode ser aplicada de forma independente do cen\u00e1rio penal.<\/p>\n\n\n\n<p>No caso concreto, o ministro Alexandre de Moraes votou para que o policial n\u00e3o fosse promovido, em cumprimento \u00e0 legisla\u00e7\u00e3o interna da Pol\u00edcia Militar. No entanto, votou contra a aplica\u00e7\u00e3o da tese de forma geral. Para ele, o caso concreto n\u00e3o refletia a realidade dos concursos p\u00fablicos, porque o policial j\u00e1 era concursado e estava disputando apenas um posto melhor dentro da corpora\u00e7\u00e3o.<\/p>\n\n\n\n<p>Durante o julgamento, os ministros lembraram que, por lei, j\u00e1 \u00e9 proibida a participa\u00e7\u00e3o de condenados de forma definitiva em concursos p\u00fablicos.<\/p>\n","protected":false},"excerpt":{"rendered":"<p>O Supremo Tribunal Federal (STF) decidiu que candidatos que respondem a processo criminal n\u00e3o podem ser impedidos de participar de concurso p\u00fablico. Por oito votos&hellip; <\/p>\n","protected":false},"author":1,"featured_media":152001,"comment_status":"closed","ping_status":"closed","sticky":false,"template":"","format":"standard","meta":{"sfsi_plus_gutenberg_text_before_share":"","sfsi_plus_gutenberg_show_text_before_share":"","sfsi_plus_gutenberg_icon_type":"","sfsi_plus_gutenberg_icon_alignemt":"","sfsi_plus_gutenburg_max_per_row":"","footnotes":""},"categories":[2],"tags":[],"class_list":["post-152000","post","type-post","status-publish","format-standard","has-post-thumbnail","hentry","category-geral"],"_links":{"self":[{"href":"https:\/\/www.caririemacao.com\/1\/wp-json\/wp\/v2\/posts\/152000","targetHints":{"allow":["GET"]}}],"collection":[{"href":"https:\/\/www.caririemacao.com\/1\/wp-json\/wp\/v2\/posts"}],"about":[{"href":"https:\/\/www.caririemacao.com\/1\/wp-json\/wp\/v2\/types\/post"}],"author":[{"embeddable":true,"href":"https:\/\/www.caririemacao.com\/1\/wp-json\/wp\/v2\/users\/1"}],"replies":[{"embeddable":true,"href":"https:\/\/www.caririemacao.com\/1\/wp-json\/wp\/v2\/comments?post=152000"}],"version-history":[{"count":1,"href":"https:\/\/www.caririemacao.com\/1\/wp-json\/wp\/v2\/posts\/152000\/revisions"}],"predecessor-version":[{"id":152002,"href":"https:\/\/www.caririemacao.com\/1\/wp-json\/wp\/v2\/posts\/152000\/revisions\/152002"}],"wp:featuredmedia":[{"embeddable":true,"href":"https:\/\/www.caririemacao.com\/1\/wp-json\/wp\/v2\/media\/152001"}],"wp:attachment":[{"href":"https:\/\/www.caririemacao.com\/1\/wp-json\/wp\/v2\/media?parent=152000"}],"wp:term":[{"taxonomy":"category","embeddable":true,"href":"https:\/\/www.caririemacao.com\/1\/wp-json\/wp\/v2\/categories?post=152000"},{"taxonomy":"post_tag","embeddable":true,"href":"https:\/\/www.caririemacao.com\/1\/wp-json\/wp\/v2\/tags?post=152000"}],"curies":[{"name":"wp","href":"https:\/\/api.w.org\/{rel}","templated":true}]}}