{"id":152011,"date":"2020-02-07T07:49:38","date_gmt":"2020-02-07T10:49:38","guid":{"rendered":"http:\/\/www.caririemacao.com\/1\/?p=152011"},"modified":"2020-02-07T07:49:41","modified_gmt":"2020-02-07T10:49:41","slug":"meninas-supercientistas-estimula-carreira-cientifica-entre-alunas","status":"publish","type":"post","link":"https:\/\/www.caririemacao.com\/1\/2020\/02\/07\/meninas-supercientistas-estimula-carreira-cientifica-entre-alunas\/","title":{"rendered":"Meninas SuperCientistas estimula carreira cient\u00edfica entre alunas"},"content":{"rendered":"\n<p>Est\u00e3o abertas, at\u00e9 a pr\u00f3xima quarta-feira (12), as inscri\u00e7\u00f5es para a&nbsp;<a href=\"https:\/\/www.ime.unicamp.br\/meninassupercientistas\/\" target=\"_blank\" rel=\"noreferrer noopener\">segunda edi\u00e7\u00e3o<\/a>&nbsp;do Meninas SuperCientistas, evento que tem como finalidade despertar a curiosidade de estudantes mulheres pela ci\u00eancia.&nbsp;<\/p>\n\n\n\n<p>Organizadas por professoras e alunas da Universidade Estadual de Campinas (Unicamp), as atividades ser\u00e3o realizadas durante todo o m\u00eas de mar\u00e7o, sempre aos s\u00e1bados, e terminam no dia 4 de abril.&nbsp;<\/p>\n\n\n\n<p>A programa\u00e7\u00e3o incluir\u00e1 palestras, oficinas e exerc\u00edcios pr\u00e1ticos, dentro e fora das depend\u00eancias da Unicamp. Entre as atividades externas, destaca-se uma visita ao Centro Nacional de Pesquisa em Energia e Materiais (CNPEM), base do&nbsp;<a href=\"http:\/\/agenciabrasil.ebc.com.br\/geral\/noticia\/2019-12\/novo-acelerador-de-particulas-brasileiro-gera-primeiras-imagens\" target=\"_blank\" rel=\"noreferrer noopener\">acelerador de part\u00edculas Sirius<\/a>, considerado uma das mais complexas estruturas cient\u00edficas j\u00e1 arquitetada no pa\u00eds.&nbsp;<\/p>\n\n\n\n<p>Para se inscrever, \u00e9 necess\u00e1rio cumprir alguns pr\u00e9-requisitos: ser do g\u00eanero feminino, estar cursando entre a 6\u00aa e a 9\u00aa s\u00e9rie do ensino fundamental, ter disponibilidade para comparecer a todos os dias do evento e autoriza\u00e7\u00e3o de um respons\u00e1vel. O formul\u00e1rio est\u00e1 dispon\u00edvel em&nbsp;<a href=\"https:\/\/www.ime.unicamp.br\/meninassupercientistas\/inscricoes.html?fbclid=IwAR3V9dHx3IAaZO2Pqss4Yiu1XNe3iZ3wGvoySS-2pkhcwLmL9S54b9W1qKA\" target=\"_blank\" rel=\"noreferrer noopener\">p\u00e1gina da Unicamp<\/a>.&nbsp;<\/p>\n\n\n\n<p>A organiza\u00e7\u00e3o tamb\u00e9m est\u00e1&nbsp;<a href=\"https:\/\/www.ime.unicamp.br\/meninassupercientistas\/monitoras.html?fbclid=IwAR0R5xXCN__aahXX-Ty_hGkVdXv926u8tarr56ZQA4auwEpoxaIqA5dRN3Q\" target=\"_blank\" rel=\"noreferrer noopener\">recebendo inscri\u00e7\u00f5es<\/a>&nbsp;de mulheres que queiram participar como monitoras das adolescentes. Exige-se que a interessada possa estar presente em todos os dias do evento. Al\u00e9m disso, a idade m\u00ednima estabelecida para a fun\u00e7\u00e3o \u00e9 de 18 anos.<\/p>\n\n\n\n<h2 class=\"wp-block-heading\">Est\u00edmulo<\/h2>\n\n\n\n<p>A idealizadora do evento, Marcela Medicina Ferreira, se lembra bem do entusiasmo que sentiu de imediato, ao conhecer o projeto Meninas com Ci\u00eancia, da Universidade Federal do Rio de Janeiro (UFRJ), iniciado em 2016. A alegria de ver tantas cientistas terem amplo reconhecimento fez surgir a centelha que a encorajou a replicar a ideia na institui\u00e7\u00e3o onde ela mesma estudava.&nbsp;<\/p>\n\n\n\n<p>A emo\u00e7\u00e3o foi tamb\u00e9m relatada por meninas que estiveram na primeira edi\u00e7\u00e3o organizada por ela. Segundo Marcela, ao final do evento, a organiza\u00e7\u00e3o pediu \u00e0s jovens que comentassem como aquilo havia afetado suas vidas e muitas delas afirmaram que estavam se sentindo muito motivadas, porque na escola aprendiam somente sobre as descobertas de cientistas homens.&nbsp;<\/p>\n\n\n\n<p>Ela conta que at\u00e9 hoje observa o poder mobilizador reverberando nas garotas, que escrevem coisas como &#8220;daqui a alguns anos, sou eu a\u00ed!&#8221; quando posta fotos dela no ambiente acad\u00eamico. &#8220;Ver esse exemplo de v\u00e1rias mulheres com pesquisas legais ou \u00e0 frente de projetos que n\u00e3o imaginariam foi uma coisa transformadora. Algumas meninas, de escolas p\u00fablicas, n\u00e3o conheciam a Unicamp. Praticamente nenhuma tinha entrado numa universidade&#8221;, acrescenta Marcela, que cursa bacharelado em matem\u00e1tica aplicada na Unicamp.<\/p>\n\n\n\n<p>Marcela pontua que o perfil do p\u00fablico do evento tamb\u00e9m n\u00e3o foi feito ao acaso. Ela diz que h\u00e1 diversos estudos que comprovam que \u00e9 em determinada faixa et\u00e1ria que adultos come\u00e7am a tentar convencer as meninas de que devem seguir determinadas carreiras e de que o melhor \u00e9 que desistam de \u00e1reas tidas como masculinas. &#8220;Ou as pessoas falam para n\u00e3o irem para essas \u00e1reas, ou j\u00e1 n\u00e3o t\u00eam ningu\u00e9m as incentivando a buscar experi\u00eancias desse tipo&#8221;, emenda.<\/p>\n\n\n\n<h2 class=\"wp-block-heading\">Comunidade acad\u00eamica da Unicamp<\/h2>\n\n\n\n<p>De acordo com o&nbsp;<a href=\"https:\/\/www.aeplan.unicamp.br\/anuario\/2019\/anuario2019.pdf\" target=\"_blank\" rel=\"noreferrer noopener\">Anu\u00e1rio Estat\u00edstico 2019 da Unicamp<\/a>, 83.697 pessoas concorreram a vagas de cursos de gradua\u00e7\u00e3o oferecidos pela institui\u00e7\u00e3o, em 2018. A maioria (76.327) tentou ingressar por meio do vestibular. Desse total, 42.663 eram do g\u00eanero feminino e 33.664, do g\u00eanero masculino.&nbsp;<\/p>\n\n\n\n<p>As mulheres tamb\u00e9m predominaram em rela\u00e7\u00e3o \u00e0s vagas reservadas para ingresso pelo Enem. No total, 10.679 concorreram \u00e0s vagas dessa categoria, ante 7.298 homens.<\/p>\n\n\n\n<p>De 2009 a 2018, a participa\u00e7\u00e3o de mulheres no vestibular cresceu mais do que a de homens, dobrou no per\u00edodo, conforme mostra o&nbsp;<a href=\"https:\/\/www.aeplan.unicamp.br\/anuario\/2018\/anuario2018.pdf\" target=\"_blank\" rel=\"noreferrer noopener\">Anu\u00e1rio Estat\u00edstico 2018&nbsp;<\/a>. O grupo passou de 22.848 para 46.919 candidatas. A Unicamp registra tamb\u00e9m que, em 2018, tinha 1.865 docentes ativos, sendo 1.192 homens e 673 mulheres.<\/p>\n","protected":false},"excerpt":{"rendered":"<p>Est\u00e3o abertas, at\u00e9 a pr\u00f3xima quarta-feira (12), as inscri\u00e7\u00f5es para a&nbsp;segunda edi\u00e7\u00e3o&nbsp;do Meninas SuperCientistas, evento que tem como finalidade despertar a curiosidade de estudantes mulheres&hellip; <\/p>\n","protected":false},"author":1,"featured_media":152012,"comment_status":"closed","ping_status":"closed","sticky":false,"template":"","format":"standard","meta":{"sfsi_plus_gutenberg_text_before_share":"","sfsi_plus_gutenberg_show_text_before_share":"","sfsi_plus_gutenberg_icon_type":"","sfsi_plus_gutenberg_icon_alignemt":"","sfsi_plus_gutenburg_max_per_row":"","footnotes":""},"categories":[14],"tags":[],"class_list":["post-152011","post","type-post","status-publish","format-standard","has-post-thumbnail","hentry","category-educacao"],"_links":{"self":[{"href":"https:\/\/www.caririemacao.com\/1\/wp-json\/wp\/v2\/posts\/152011","targetHints":{"allow":["GET"]}}],"collection":[{"href":"https:\/\/www.caririemacao.com\/1\/wp-json\/wp\/v2\/posts"}],"about":[{"href":"https:\/\/www.caririemacao.com\/1\/wp-json\/wp\/v2\/types\/post"}],"author":[{"embeddable":true,"href":"https:\/\/www.caririemacao.com\/1\/wp-json\/wp\/v2\/users\/1"}],"replies":[{"embeddable":true,"href":"https:\/\/www.caririemacao.com\/1\/wp-json\/wp\/v2\/comments?post=152011"}],"version-history":[{"count":1,"href":"https:\/\/www.caririemacao.com\/1\/wp-json\/wp\/v2\/posts\/152011\/revisions"}],"predecessor-version":[{"id":152013,"href":"https:\/\/www.caririemacao.com\/1\/wp-json\/wp\/v2\/posts\/152011\/revisions\/152013"}],"wp:featuredmedia":[{"embeddable":true,"href":"https:\/\/www.caririemacao.com\/1\/wp-json\/wp\/v2\/media\/152012"}],"wp:attachment":[{"href":"https:\/\/www.caririemacao.com\/1\/wp-json\/wp\/v2\/media?parent=152011"}],"wp:term":[{"taxonomy":"category","embeddable":true,"href":"https:\/\/www.caririemacao.com\/1\/wp-json\/wp\/v2\/categories?post=152011"},{"taxonomy":"post_tag","embeddable":true,"href":"https:\/\/www.caririemacao.com\/1\/wp-json\/wp\/v2\/tags?post=152011"}],"curies":[{"name":"wp","href":"https:\/\/api.w.org\/{rel}","templated":true}]}}