{"id":152015,"date":"2020-02-07T07:54:25","date_gmt":"2020-02-07T10:54:25","guid":{"rendered":"http:\/\/www.caririemacao.com\/1\/?p=152015"},"modified":"2020-02-07T07:54:27","modified_gmt":"2020-02-07T10:54:27","slug":"governo-da-paraiba-vai-distribuir-15-milhao-de-preservativos-nas-previas-e-no-carnaval","status":"publish","type":"post","link":"https:\/\/www.caririemacao.com\/1\/2020\/02\/07\/governo-da-paraiba-vai-distribuir-15-milhao-de-preservativos-nas-previas-e-no-carnaval\/","title":{"rendered":"Governo da Para\u00edba vai distribuir 1,5 milh\u00e3o de preservativos nas pr\u00e9vias e no carnaval"},"content":{"rendered":"\n<p>A Secretaria de Estado da Sa\u00fade (SES), por meio da Ger\u00eancia Operacional das IST\/HIV\/Aids\/Hepatites Virais, vai distribuir um milh\u00e3o e meio de preservativos masculinos e 150 mil unidades de gel lubrificante para o per\u00edodo do carnaval 2020.&nbsp;<\/p>\n\n\n\n<p>A distribui\u00e7\u00e3o come\u00e7a a partir do dia 13, na abertura do Folia de Rua, no Ponto de Cem R\u00e9is, e tamb\u00e9m nos blocos Virgens de Tamba\u00fa, Muri\u00e7ocas de Miramar e Cafu\u00e7u.&nbsp;<\/p>\n\n\n\n<p>\u201cAs Ger\u00eancias Regionais de Sa\u00fade est\u00e3o sendo abastecidas com camisinhas para proporcionar aos foli\u00f5es (ou n\u00e3o) o acesso aos preservativos. As pessoas podem buscar a camisinha nos servi\u00e7os de sa\u00fade e n\u00e3o \u00e9 necess\u00e1rio passar por nenhuma consulta. Basta pegar na recep\u00e7\u00e3o a quantidade que necessitar\u201d, explicou a gerente operacional das IST\/HIV\/Aids\/Hepatites Virais da SES, Ivoneide Lucena.<\/p>\n\n\n\n<p>A gerente informou tamb\u00e9m que na abertura da pr\u00e9via carnavalesca Folia de Rua, o bloco Clementino Folia, do Complexo Hospitalar Clementino Fraga, refer\u00eancia estadual no combate \u00e0s doen\u00e7as infectocontagiosas, vai estar presente fazendo a distribui\u00e7\u00e3o de preservativos e informando sobre como evitar as DSTs. \u201cO bloco estar\u00e1, pelo nono ano, realizando a a\u00e7\u00e3o preventiva durante o per\u00edodo de Carnaval, atingindo milhares de foli\u00f5es da capital\u201d, enfatizou.&nbsp;<\/p>\n\n\n\n<p>Ivoneide faz um alerta para que todos usem preservativos porque nos \u00faltimos anos houve aumento de novos casos de Aids entre jovens de 15 a 34 anos. No per\u00edodo de 2007 a 2018, o aumento foi de 300%. Em 2019, foram notificados sete novos casos na Para\u00edba.&nbsp;<\/p>\n\n\n\n<p>\u201cEsse aumento acontece devido a aus\u00eancia de medo da Aids e da desinforma\u00e7\u00e3o por parte desses jovens do que realmente a doen\u00e7a pode causar na vida. Acham que n\u00e3o mata mais, que o tratamento \u00e9 tranquilo e ainda que n\u00e3o vai acontecer nada\u201d, observou Ivoneide Lucena.<\/p>\n\n\n\n<p>Ela falou, ainda, que a Secretaria intensifica as a\u00e7\u00f5es preventivas nos per\u00edodos de festas populares em virtude da maior aglomera\u00e7\u00e3o de pessoas e porque o aumento de consumo alco\u00f3lico tamb\u00e9m pode contribuir para o sexo feito de forma insegura, sem prote\u00e7\u00e3o, podendo gerar doen\u00e7as que podem ser evitadas.<\/p>\n","protected":false},"excerpt":{"rendered":"<p>A Secretaria de Estado da Sa\u00fade (SES), por meio da Ger\u00eancia Operacional das IST\/HIV\/Aids\/Hepatites Virais, vai distribuir um milh\u00e3o e meio de preservativos masculinos e&hellip; <\/p>\n","protected":false},"author":1,"featured_media":152016,"comment_status":"closed","ping_status":"closed","sticky":false,"template":"","format":"standard","meta":{"sfsi_plus_gutenberg_text_before_share":"","sfsi_plus_gutenberg_show_text_before_share":"","sfsi_plus_gutenberg_icon_type":"","sfsi_plus_gutenberg_icon_alignemt":"","sfsi_plus_gutenburg_max_per_row":"","footnotes":""},"categories":[2],"tags":[],"class_list":["post-152015","post","type-post","status-publish","format-standard","has-post-thumbnail","hentry","category-geral"],"_links":{"self":[{"href":"https:\/\/www.caririemacao.com\/1\/wp-json\/wp\/v2\/posts\/152015","targetHints":{"allow":["GET"]}}],"collection":[{"href":"https:\/\/www.caririemacao.com\/1\/wp-json\/wp\/v2\/posts"}],"about":[{"href":"https:\/\/www.caririemacao.com\/1\/wp-json\/wp\/v2\/types\/post"}],"author":[{"embeddable":true,"href":"https:\/\/www.caririemacao.com\/1\/wp-json\/wp\/v2\/users\/1"}],"replies":[{"embeddable":true,"href":"https:\/\/www.caririemacao.com\/1\/wp-json\/wp\/v2\/comments?post=152015"}],"version-history":[{"count":1,"href":"https:\/\/www.caririemacao.com\/1\/wp-json\/wp\/v2\/posts\/152015\/revisions"}],"predecessor-version":[{"id":152017,"href":"https:\/\/www.caririemacao.com\/1\/wp-json\/wp\/v2\/posts\/152015\/revisions\/152017"}],"wp:featuredmedia":[{"embeddable":true,"href":"https:\/\/www.caririemacao.com\/1\/wp-json\/wp\/v2\/media\/152016"}],"wp:attachment":[{"href":"https:\/\/www.caririemacao.com\/1\/wp-json\/wp\/v2\/media?parent=152015"}],"wp:term":[{"taxonomy":"category","embeddable":true,"href":"https:\/\/www.caririemacao.com\/1\/wp-json\/wp\/v2\/categories?post=152015"},{"taxonomy":"post_tag","embeddable":true,"href":"https:\/\/www.caririemacao.com\/1\/wp-json\/wp\/v2\/tags?post=152015"}],"curies":[{"name":"wp","href":"https:\/\/api.w.org\/{rel}","templated":true}]}}