{"id":152019,"date":"2020-02-07T07:56:34","date_gmt":"2020-02-07T10:56:34","guid":{"rendered":"http:\/\/www.caririemacao.com\/1\/?p=152019"},"modified":"2020-02-07T07:56:35","modified_gmt":"2020-02-07T10:56:35","slug":"bolsonaro-exonera-gustavo-canuto-ministro-do-desenvolvimento-regional","status":"publish","type":"post","link":"https:\/\/www.caririemacao.com\/1\/2020\/02\/07\/bolsonaro-exonera-gustavo-canuto-ministro-do-desenvolvimento-regional\/","title":{"rendered":"Bolsonaro exonera Gustavo Canuto, ministro do Desenvolvimento Regional"},"content":{"rendered":"\n<p>O presidente Jair Bolsonaro exonerou, nesta quinta-feira (6), o ministro do Desenvolvimento Regional, Gustavo Canuto. De acordo com o decreto, a sa\u00edda acontece a pedido de Canuto.<\/p>\n\n\n\n<p>O cargo ser\u00e1 ocupado por Rog\u00e9rio Marinho, que atuava como secret\u00e1rio especial de Previd\u00eancia e Trabalho do Minist\u00e9rio da Economia. A troca foi publicada em edi\u00e7\u00e3o extra do Di\u00e1rio Oficial da Uni\u00e3o.<\/p>\n\n\n\n<p><strong>MaisPB<\/strong><\/p>\n","protected":false},"excerpt":{"rendered":"<p>O presidente Jair Bolsonaro exonerou, nesta quinta-feira (6), o ministro do Desenvolvimento Regional, Gustavo Canuto. De acordo com o decreto, a sa\u00edda acontece a pedido&hellip; <\/p>\n","protected":false},"author":1,"featured_media":152020,"comment_status":"closed","ping_status":"closed","sticky":false,"template":"","format":"standard","meta":{"sfsi_plus_gutenberg_text_before_share":"","sfsi_plus_gutenberg_show_text_before_share":"","sfsi_plus_gutenberg_icon_type":"","sfsi_plus_gutenberg_icon_alignemt":"","sfsi_plus_gutenburg_max_per_row":"","footnotes":""},"categories":[11],"tags":[],"class_list":["post-152019","post","type-post","status-publish","format-standard","has-post-thumbnail","hentry","category-politica"],"_links":{"self":[{"href":"https:\/\/www.caririemacao.com\/1\/wp-json\/wp\/v2\/posts\/152019","targetHints":{"allow":["GET"]}}],"collection":[{"href":"https:\/\/www.caririemacao.com\/1\/wp-json\/wp\/v2\/posts"}],"about":[{"href":"https:\/\/www.caririemacao.com\/1\/wp-json\/wp\/v2\/types\/post"}],"author":[{"embeddable":true,"href":"https:\/\/www.caririemacao.com\/1\/wp-json\/wp\/v2\/users\/1"}],"replies":[{"embeddable":true,"href":"https:\/\/www.caririemacao.com\/1\/wp-json\/wp\/v2\/comments?post=152019"}],"version-history":[{"count":1,"href":"https:\/\/www.caririemacao.com\/1\/wp-json\/wp\/v2\/posts\/152019\/revisions"}],"predecessor-version":[{"id":152021,"href":"https:\/\/www.caririemacao.com\/1\/wp-json\/wp\/v2\/posts\/152019\/revisions\/152021"}],"wp:featuredmedia":[{"embeddable":true,"href":"https:\/\/www.caririemacao.com\/1\/wp-json\/wp\/v2\/media\/152020"}],"wp:attachment":[{"href":"https:\/\/www.caririemacao.com\/1\/wp-json\/wp\/v2\/media?parent=152019"}],"wp:term":[{"taxonomy":"category","embeddable":true,"href":"https:\/\/www.caririemacao.com\/1\/wp-json\/wp\/v2\/categories?post=152019"},{"taxonomy":"post_tag","embeddable":true,"href":"https:\/\/www.caririemacao.com\/1\/wp-json\/wp\/v2\/tags?post=152019"}],"curies":[{"name":"wp","href":"https:\/\/api.w.org\/{rel}","templated":true}]}}